{"id":728,"date":"2026-02-10T10:16:36","date_gmt":"2026-02-10T10:16:36","guid":{"rendered":"https:\/\/eskigazeteci.com\/?p=728"},"modified":"2026-02-10T10:16:36","modified_gmt":"2026-02-10T10:16:36","slug":"israilin-gazzedeki-ihlalleri-sinir-tanimadi-4-ayda-1620-kez","status":"publish","type":"post","link":"https:\/\/eskigazeteci.com\/?p=728","title":{"rendered":"\u0130srail&#8217;in Gazze&#8217;deki ihlalleri s\u0131n\u0131r tan\u0131mad\u0131: 4 ayda 1620 kez"},"content":{"rendered":"<p>Gazze&#x27;deki Filistin h\u00fck\u00fcmetinin Medya Ofisi taraf\u0131ndan yap\u0131lan yaz\u0131l\u0131 a\u00e7\u0131klamada, 10 Ekim 2025&#x27;te y\u00fcr\u00fcrl\u00fc\u011fe giren ate\u015fkes anla\u015fmas\u0131n\u0131n ard\u0131ndan ge\u00e7en 4 ayl\u0131k s\u00fcrede, ya\u015fanan ihlallere ili\u015fkin veriler payla\u015f\u0131ld\u0131.<\/p>\n<p>A\u00e7\u0131klamada, &quot;\u0130srail i\u015fgali, ate\u015fkes karar\u0131n\u0131n y\u00fcr\u00fcrl\u00fc\u011fe girmesinden bu yana anla\u015fmaya y\u00f6nelik a\u011f\u0131r ve sistematik ihlallerini s\u00fcrd\u00fcrmekte, uluslararas\u0131 insan haklar\u0131n\u0131n a\u00e7\u0131k\u00e7a ihlal ederek, ate\u015fkesin \u00f6z\u00fc ile ekindeki insani protokol h\u00fck\u00fcmlerinin kas\u0131tl\u0131 olarak alt\u0131n\u0131 oymaktad\u0131r.&quot; ifadelerine yer verildi.<\/p>\n<p>Gazze&#x27;deki Filistin h\u00fck\u00fcmeti taraf\u0131ndan yap\u0131lan incelemeler sonucunda, 4 ayl\u0131k s\u00fcre zarf\u0131nda \u0130srail ordusunun anla\u015fmay\u0131 1620 kez ihlal etti\u011fi kaydedildi.<\/p>\n<p>\u0130srail ordusunun 560 ate\u015f a\u00e7ma, 79 askeri ara\u00e7larla mahalle ve yerle\u015fim alanlar\u0131na girme, 749 bombard\u0131man ve hedef alma ile 232 konut ve \u00e7e\u015fitli binalar\u0131n havaya u\u00e7urma yoluyla ate\u015fkesi ihlal etti\u011fi aktar\u0131ld\u0131.<\/p>\n<p>ATE\u015eKESTE \u00d6LD\u00dcR\u00dcLENLER\u0130N Y\u00dcZDE 99&#x27;U S\u0130V\u0130LLERDEN OLU\u015eUYOR<\/p>\n<p>\u0130srail&#x27;in ate\u015fkes s\u00fcrecindeki ihlalleri sonucu ya\u015fanan can kay\u0131plar\u0131 ve yaralanmalara ili\u015fkin verilerin yer ald\u0131\u011f\u0131 a\u00e7\u0131klamada, \u0130srail&#x27;in sald\u0131r\u0131lar\u0131yla 573 ki\u015finin hayat\u0131n\u0131 kaybetti\u011fi ifade edildi.<\/p>\n<p>Ate\u015fkes s\u00fcrecinde ya\u015fam\u0131n\u0131 yitirenlerin 292&#x27;sinin \u00e7ocuk,&#8230;<\/p>\n","protected":false},"excerpt":{"rendered":"<p>\u0130srail ordusunun, Gazze \u015eeridi&#8217;nde ate\u015fkesin y\u00fcr\u00fcrl\u00fc\u011fe girdi\u011fi tarihten bu yana ge\u00e7en 4 ayda, anla\u015fmay\u0131 1620 kez ihlal etti\u011fi, sald\u0131r\u0131larda en az 573&#8230;<\/p>\n","protected":false},"author":2,"featured_media":727,"comment_status":"open","ping_status":"open","sticky":false,"template":"","format":"standard","meta":{"footnotes":""},"categories":[8,6,5],"tags":[],"class_list":["post-728","post","type-post","status-publish","format-standard","has-post-thumbnail","hentry","category-arsiv","category-gundem","category-son-dakika"],"_links":{"self":[{"href":"https:\/\/eskigazeteci.com\/index.php?rest_route=\/wp\/v2\/posts\/728","targetHints":{"allow":["GET"]}}],"collection":[{"href":"https:\/\/eskigazeteci.com\/index.php?rest_route=\/wp\/v2\/posts"}],"about":[{"href":"https:\/\/eskigazeteci.com\/index.php?rest_route=\/wp\/v2\/types\/post"}],"author":[{"embeddable":true,"href":"https:\/\/eskigazeteci.com\/index.php?rest_route=\/wp\/v2\/users\/2"}],"replies":[{"embeddable":true,"href":"https:\/\/eskigazeteci.com\/index.php?rest_route=%2Fwp%2Fv2%2Fcomments&post=728"}],"version-history":[{"count":0,"href":"https:\/\/eskigazeteci.com\/index.php?rest_route=\/wp\/v2\/posts\/728\/revisions"}],"wp:featuredmedia":[{"embeddable":true,"href":"https:\/\/eskigazeteci.com\/index.php?rest_route=\/wp\/v2\/media\/727"}],"wp:attachment":[{"href":"https:\/\/eskigazeteci.com\/index.php?rest_route=%2Fwp%2Fv2%2Fmedia&parent=728"}],"wp:term":[{"taxonomy":"category","embeddable":true,"href":"https:\/\/eskigazeteci.com\/index.php?rest_route=%2Fwp%2Fv2%2Fcategories&post=728"},{"taxonomy":"post_tag","embeddable":true,"href":"https:\/\/eskigazeteci.com\/index.php?rest_route=%2Fwp%2Fv2%2Ftags&post=728"}],"curies":[{"name":"wp","href":"https:\/\/api.w.org\/{rel}","templated":true}]}}