{"id":726,"date":"2026-02-10T10:15:04","date_gmt":"2026-02-10T10:15:04","guid":{"rendered":"https:\/\/eskigazeteci.com\/?p=726"},"modified":"2026-02-10T10:15:04","modified_gmt":"2026-02-10T10:15:04","slug":"antalyada-kar-yagisi-trafik-ekiplerinden-suruculere-zincir-uyarisi","status":"publish","type":"post","link":"https:\/\/eskigazeteci.com\/?p=726","title":{"rendered":"Antalya&#8217;da kar ya\u011f\u0131\u015f\u0131! Trafik ekiplerinden s\u00fcr\u00fcc\u00fclere zincir uyar\u0131s\u0131"},"content":{"rendered":"<p>Antalya&#x27;y\u0131 Konya&#x27;ya ba\u011flayan Akseki\u2013Seydi\u015fehir kara yolunda kar ya\u011f\u0131\u015f\u0131n\u0131n, Akseki&#x27;nin Yarpuz Mahallesi&#x27;nden sonra sabah saat 07.00 s\u0131ralar\u0131nda ba\u015flad\u0131\u011f\u0131 ve yakla\u015f\u0131k 20 kilometrelik kesimde etkili oldu\u011fu bildirildi.<\/p>\n<p>Antalya&#x27;y\u0131 Konya&#x27;ya ba\u011flayan Akseki\u2013Seydi\u015fehir kara yolunda kar ya\u011f\u0131\u015f\u0131n\u0131n, Akseki&#x27;nin Yarpuz Mahallesi&#x27;nden sonra sabah saat 07.00 s\u0131ralar\u0131nda ba\u015flad\u0131\u011f\u0131 ve yakla\u015f\u0131k 20 kilometrelik kesimde etkili oldu\u011fu bildirildi.<\/p>\n<p>Bin 825 metre rak\u0131ml\u0131 Alacabel mevkiinde kar kal\u0131nl\u0131\u011f\u0131n\u0131n yer yer 5 ila 10 santimetreye ula\u015ft\u0131\u011f\u0131 \u00f6\u011frenildi.<\/p>\n<p>Bin 825 metre rak\u0131ml\u0131 Alacabel mevkiinde kar kal\u0131nl\u0131\u011f\u0131n\u0131n yer yer 5 ila 10 santimetreye ula\u015ft\u0131\u011f\u0131 \u00f6\u011frenildi.<\/p>\n<p>Kar ya\u011f\u0131\u015f\u0131yla birlikte b\u00f6lgede haz\u0131r bekleyen Karayollar\u0131 ekiplerinin, \u00e7ok say\u0131da i\u015f makinesiyle kar k\u00fcreme ve tuzlama \u00e7al\u0131\u015fmalar\u0131na ba\u015flad\u0131\u011f\u0131 belirtildi.<\/p>\n<p>Kar ya\u011f\u0131\u015f\u0131yla birlikte b\u00f6lgede haz\u0131r bekleyen Karayollar\u0131 ekiplerinin, \u00e7ok say\u0131da i\u015f makinesiyle kar k\u00fcreme ve tuzlama \u00e7al\u0131\u015fmalar\u0131na ba\u015flad\u0131\u011f\u0131 belirtildi.<\/p>\n<p>Yetkililer, yolun \u015fu an i\u00e7in trafi\u011fe a\u00e7\u0131k oldu\u011funu ve herhangi bir olumsuzluk ya\u015fanmad\u0131\u011f\u0131n\u0131 ifade ederken, Karayollar\u0131 ve B\u00f6lge Trafik ekipleri s\u00fcr\u00fcc\u00fcleri buzlanmaya kar\u015f\u0131 dikkatli olmalar\u0131 ve yanlar\u0131nda zincir bulundurmalar\u0131 konusunda&#8230;<\/p>\n","protected":false},"excerpt":{"rendered":"<p>Antalya ve \u00e7evresinde g\u00fcnlerdir etkili olan sa\u011fanak ya\u011f\u0131\u015f, kentin y\u00fcksek kesimlerinden Alacabel mevkiinde sabah saatlerinden itibaren yerini kar ya\u011f\u0131\u015f\u0131na&#8230;<\/p>\n","protected":false},"author":2,"featured_media":725,"comment_status":"open","ping_status":"open","sticky":false,"template":"","format":"standard","meta":{"footnotes":""},"categories":[8,6,5],"tags":[],"class_list":["post-726","post","type-post","status-publish","format-standard","has-post-thumbnail","hentry","category-arsiv","category-gundem","category-son-dakika"],"_links":{"self":[{"href":"https:\/\/eskigazeteci.com\/index.php?rest_route=\/wp\/v2\/posts\/726","targetHints":{"allow":["GET"]}}],"collection":[{"href":"https:\/\/eskigazeteci.com\/index.php?rest_route=\/wp\/v2\/posts"}],"about":[{"href":"https:\/\/eskigazeteci.com\/index.php?rest_route=\/wp\/v2\/types\/post"}],"author":[{"embeddable":true,"href":"https:\/\/eskigazeteci.com\/index.php?rest_route=\/wp\/v2\/users\/2"}],"replies":[{"embeddable":true,"href":"https:\/\/eskigazeteci.com\/index.php?rest_route=%2Fwp%2Fv2%2Fcomments&post=726"}],"version-history":[{"count":0,"href":"https:\/\/eskigazeteci.com\/index.php?rest_route=\/wp\/v2\/posts\/726\/revisions"}],"wp:featuredmedia":[{"embeddable":true,"href":"https:\/\/eskigazeteci.com\/index.php?rest_route=\/wp\/v2\/media\/725"}],"wp:attachment":[{"href":"https:\/\/eskigazeteci.com\/index.php?rest_route=%2Fwp%2Fv2%2Fmedia&parent=726"}],"wp:term":[{"taxonomy":"category","embeddable":true,"href":"https:\/\/eskigazeteci.com\/index.php?rest_route=%2Fwp%2Fv2%2Fcategories&post=726"},{"taxonomy":"post_tag","embeddable":true,"href":"https:\/\/eskigazeteci.com\/index.php?rest_route=%2Fwp%2Fv2%2Ftags&post=726"}],"curies":[{"name":"wp","href":"https:\/\/api.w.org\/{rel}","templated":true}]}}