{"id":722,"date":"2026-02-10T09:55:03","date_gmt":"2026-02-10T09:55:03","guid":{"rendered":"https:\/\/eskigazeteci.com\/?p=722"},"modified":"2026-02-10T09:55:03","modified_gmt":"2026-02-10T09:55:03","slug":"monaco-diplomasiz-teknik-direktoru-icin-her-mac-25-bin-euro-oduyor","status":"publish","type":"post","link":"https:\/\/eskigazeteci.com\/?p=722","title":{"rendered":"Monaco, diplomas\u0131z teknik direkt\u00f6r\u00fc i\u00e7in her ma\u00e7 25 bin euro \u00f6d\u00fcyor"},"content":{"rendered":"<p>Frans\u0131z L&#x27;Equipe gazetesinin haberine g\u00f6re 11 Ekim&#x27;de Adi H\u00fctter&#x27;in yerine teknik direkt\u00f6rl\u00fc\u011fe getirilen 38 ya\u015f\u0131ndaki Pocognoli&#x27;nin Ligue 1&#x27;de tak\u0131m \u00e7al\u0131\u015ft\u0131rmas\u0131na imkan sa\u011flayan BEPF (Profesyonel Futbol E\u011fitici Diplomas\u0131) ya da e\u015fde\u011fer diplomaya sahip olmamas\u0131ndan dolay\u0131 kul\u00fcb\u00fc, her ma\u00e7 para cezas\u0131 \u00f6demek zorunda kal\u0131yor.<\/p>\n<p>Monaco, \u015fu ana kadar 17 ma\u00e7a (14 lig, 3 kupa) \u00e7\u0131kan Bel\u00e7ikal\u0131 teknik adam i\u00e7in 425 bin euro ceza \u00f6dedi. Kul\u00fcp, UEFA \u015eampiyonlar Ligi&#x27;nde herhangi bir yapt\u0131r\u0131mla kar\u015f\u0131la\u015fm\u0131yor.<\/p>\n<p>SEZONU TAMAMLARSA TOPLAM 750 B\u0130N EURO \u00d6DENECEK Habere g\u00f6re Monaco y\u00f6netimi, cezadan ka\u00e7\u0131nmak i\u00e7in bir ma\u00e7ta Pocognoli\u2019nin yard\u0131mc\u0131lar\u0131ndan Damien Perrinelle\u2019i esame listesine teknik direkt\u00f6r olarak yazd\u0131 ancak onun da diploma e\u011fitimi devam etti\u011fi i\u00e7in yine para cezas\u0131 \u00f6dendi. Perrinelle, bu durumdan yararlanarak maa\u015f\u0131n\u0131n kul\u00fcp taraf\u0131ndan art\u0131r\u0131lmas\u0131n\u0131 sa\u011flad\u0131.<\/p>\n<p>Kul\u00fcp, Perrinelle\u2019in isminin yaz\u0131lmas\u0131 da \u00e7\u00f6z\u00fcm olmay\u0131nca esame listesinde teknik direkt\u00f6r b\u00f6l\u00fcm\u00fcn\u00fc bo\u015f b\u0131rakmaya ba\u015flad\u0131.<\/p>\n<p>Bel\u00e7ikal\u0131 teknik adam sezonu tamamlarsa Monaco, toplam 750 bin euro ceza \u00f6deyecek.<\/p>\n<p>KUL\u00dcP KURALI D\u0130KKATE ALIYOR Kul\u00fcpten yap\u0131lan a\u00e7\u0131klamada ise ekim ay\u0131nda 38 ya\u015f\u0131ndaki teknik adamla yap\u0131lan g\u00f6r\u00fc\u015fmelerde bu&#8230;<\/p>\n","protected":false},"excerpt":{"rendered":"<p>Fransa Birinci Futbol Ligi ekiplerinden Monaco, ekim ay\u0131nda g\u00f6reve getirdi\u011fi Sebastien Pocognoli&#8217;nin tak\u0131m \u00e7al\u0131\u015ft\u0131rmas\u0131n\u0131 sa\u011flayan diplomas\u0131 olmad\u0131\u011f\u0131 i\u00e7in&#8230;<\/p>\n","protected":false},"author":2,"featured_media":721,"comment_status":"open","ping_status":"open","sticky":false,"template":"","format":"standard","meta":{"footnotes":""},"categories":[8,5,7],"tags":[],"class_list":["post-722","post","type-post","status-publish","format-standard","has-post-thumbnail","hentry","category-arsiv","category-son-dakika","category-spor"],"_links":{"self":[{"href":"https:\/\/eskigazeteci.com\/index.php?rest_route=\/wp\/v2\/posts\/722","targetHints":{"allow":["GET"]}}],"collection":[{"href":"https:\/\/eskigazeteci.com\/index.php?rest_route=\/wp\/v2\/posts"}],"about":[{"href":"https:\/\/eskigazeteci.com\/index.php?rest_route=\/wp\/v2\/types\/post"}],"author":[{"embeddable":true,"href":"https:\/\/eskigazeteci.com\/index.php?rest_route=\/wp\/v2\/users\/2"}],"replies":[{"embeddable":true,"href":"https:\/\/eskigazeteci.com\/index.php?rest_route=%2Fwp%2Fv2%2Fcomments&post=722"}],"version-history":[{"count":0,"href":"https:\/\/eskigazeteci.com\/index.php?rest_route=\/wp\/v2\/posts\/722\/revisions"}],"wp:featuredmedia":[{"embeddable":true,"href":"https:\/\/eskigazeteci.com\/index.php?rest_route=\/wp\/v2\/media\/721"}],"wp:attachment":[{"href":"https:\/\/eskigazeteci.com\/index.php?rest_route=%2Fwp%2Fv2%2Fmedia&parent=722"}],"wp:term":[{"taxonomy":"category","embeddable":true,"href":"https:\/\/eskigazeteci.com\/index.php?rest_route=%2Fwp%2Fv2%2Fcategories&post=722"},{"taxonomy":"post_tag","embeddable":true,"href":"https:\/\/eskigazeteci.com\/index.php?rest_route=%2Fwp%2Fv2%2Ftags&post=722"}],"curies":[{"name":"wp","href":"https:\/\/api.w.org\/{rel}","templated":true}]}}