{"id":720,"date":"2026-02-10T09:45:02","date_gmt":"2026-02-10T09:45:02","guid":{"rendered":"https:\/\/eskigazeteci.com\/?p=720"},"modified":"2026-02-10T09:45:02","modified_gmt":"2026-02-10T09:45:02","slug":"once-annesi-ile-cocugunu-sonra-esini-katletmisti-cinayetin-tanigi-olan-komsu-konustu","status":"publish","type":"post","link":"https:\/\/eskigazeteci.com\/?p=720","title":{"rendered":"\u00d6nce annesi ile \u00e7ocu\u011funu sonra e\u015fini katletmi\u015fti: Cinayetin tan\u0131\u011f\u0131 olan kom\u015fu konu\u015ftu"},"content":{"rendered":"<p>Olay, d\u00fcn ak\u015fam Ke\u00e7i\u00f6ren il\u00e7esi Ku\u015fca\u011f\u0131z Mahallesi 384&#x27;\u00fcnc\u00fc Sokak&#x27;ta meydana geldi. Cezaevinden izinli \u00e7\u0131kan Recep Cengiz, annesi ve k\u0131z\u0131n\u0131n ya\u015fad\u0131\u011f\u0131 eve geldi. Burada bilinmeyen nedenle tart\u0131\u015ft\u0131\u011f\u0131 annesi ile yan\u0131nda kalan ve ilk e\u015finden olan k\u0131z\u0131 Azra Cengiz\u2019i arabada tabanca ile vurdu.<\/p>\n<p>KURYE KILI\u011eINDA KAPIYI \u00c7ALDI<\/p>\n<p>Recep Cengiz, daha sonra annesi ve k\u0131z\u0131n\u0131n cans\u0131z bedenlerini bagaja koyarak ayn\u0131 mahallede oturan bo\u015fanma a\u015famas\u0131ndaki e\u015fi Beyzanur U\u00e7an Cengiz\u2019in evine gitti. Kurye k\u0131l\u0131\u011f\u0131nda kap\u0131y\u0131 e\u015fine a\u00e7t\u0131ran Recep Cengiz, bo\u015fanma a\u015famas\u0131ndaki e\u015fi Beyzanur U\u00e7an Cengiz\u2019i tabanca ile \u00f6ld\u00fcrd\u00fckten sonra ayn\u0131 silahla intihar etti. Ayr\u0131ca Recep Cengiz\u2019in silahla tehdit, doland\u0131r\u0131c\u0131l\u0131k ve hakaret su\u00e7undan 4 y\u0131l hapis cezas\u0131na \u00e7arpt\u0131r\u0131ld\u0131\u011f\u0131, \u00f6nce kapal\u0131 cezaevinde tutuldu\u011fu daha sonra ise a\u00e7\u0131k cezaevine ge\u00e7ti\u011fi \u00f6\u011frenilirken, \u015fahs\u0131n e\u015fini \u00f6ld\u00fcrd\u00fc\u011f\u00fc binada g\u00fcvenlik kameralar\u0131na tak\u0131lmamak i\u00e7in elektrik tesisat\u0131na zarar verdi\u011fi ileri s\u00fcr\u00fcld\u00fc. Olayla ilgili geni\u015f \u00e7apl\u0131 soru\u015fturma ba\u015flat\u0131ld\u0131\u011f\u0131 \u00f6\u011frenildi.<\/p>\n<p>&quot;ADAM, DAHA \u00d6NCEDEN DE BAZI SIKINTILAR YA\u015eAMI\u015e&quot;<\/p>\n<p>Olay\u0131n ger\u00e7ekle\u015fti\u011fi binada y\u00f6netici olan Nizamettin Karag\u00f6z, Recep Cengiz ile Beyzanur U\u00e7an Cengiz\u2019in yeni evlendi\u011fini ve Beyzanur U\u00e7an&#8230;<\/p>\n","protected":false},"excerpt":{"rendered":"<p>Ankara&#8217;da cezaevinden izinli \u00e7\u0131kan Recep Cengiz (35), annesi Azize Cengiz (57) ve ilk e\u015finden olan k\u0131z\u0131 Azra Cengiz\u2019in (8) ard\u0131ndan ayn\u0131 mahallede oturan&#8230;<\/p>\n","protected":false},"author":2,"featured_media":719,"comment_status":"open","ping_status":"open","sticky":false,"template":"","format":"standard","meta":{"footnotes":""},"categories":[8,6,5],"tags":[],"class_list":["post-720","post","type-post","status-publish","format-standard","has-post-thumbnail","hentry","category-arsiv","category-gundem","category-son-dakika"],"_links":{"self":[{"href":"https:\/\/eskigazeteci.com\/index.php?rest_route=\/wp\/v2\/posts\/720","targetHints":{"allow":["GET"]}}],"collection":[{"href":"https:\/\/eskigazeteci.com\/index.php?rest_route=\/wp\/v2\/posts"}],"about":[{"href":"https:\/\/eskigazeteci.com\/index.php?rest_route=\/wp\/v2\/types\/post"}],"author":[{"embeddable":true,"href":"https:\/\/eskigazeteci.com\/index.php?rest_route=\/wp\/v2\/users\/2"}],"replies":[{"embeddable":true,"href":"https:\/\/eskigazeteci.com\/index.php?rest_route=%2Fwp%2Fv2%2Fcomments&post=720"}],"version-history":[{"count":0,"href":"https:\/\/eskigazeteci.com\/index.php?rest_route=\/wp\/v2\/posts\/720\/revisions"}],"wp:featuredmedia":[{"embeddable":true,"href":"https:\/\/eskigazeteci.com\/index.php?rest_route=\/wp\/v2\/media\/719"}],"wp:attachment":[{"href":"https:\/\/eskigazeteci.com\/index.php?rest_route=%2Fwp%2Fv2%2Fmedia&parent=720"}],"wp:term":[{"taxonomy":"category","embeddable":true,"href":"https:\/\/eskigazeteci.com\/index.php?rest_route=%2Fwp%2Fv2%2Fcategories&post=720"},{"taxonomy":"post_tag","embeddable":true,"href":"https:\/\/eskigazeteci.com\/index.php?rest_route=%2Fwp%2Fv2%2Ftags&post=720"}],"curies":[{"name":"wp","href":"https:\/\/api.w.org\/{rel}","templated":true}]}}