{"id":72,"date":"2026-02-06T10:32:05","date_gmt":"2026-02-06T10:32:05","guid":{"rendered":"https:\/\/eskigazeteci.com\/?p=72"},"modified":"2026-02-06T10:32:05","modified_gmt":"2026-02-06T10:32:05","slug":"haber-12","status":"publish","type":"post","link":"https:\/\/eskigazeteci.com\/?p=72","title":{"rendered":"Haber"},"content":{"rendered":"<p>Cumhurba\u015fkan\u0131 Erdo\u011fan, mesaj\u0131nda \u015fu ifadelere yer verdi:<\/p>\n<p>3 y\u0131l \u00f6nce bug\u00fcn ya\u015fad\u0131\u011f\u0131m\u0131z iki b\u00fcy\u00fck deprem sebebiyle Rahmet-i Rahman\u2019a kavu\u015fan karde\u015flerimizi unutmayaca\u011f\u0131z.<\/p>\n<p>Onlar\u0131n hat\u0131ralar\u0131n\u0131 kalbimizde ve zihnimizde daima ya\u015fataca\u011f\u0131m\u0131za, emanetlerine sahip \u00e7\u0131kaca\u011f\u0131m\u0131za, depremde y\u0131k\u0131lan \u015fehirlerimizi tekrar aya\u011fa kald\u0131raca\u011f\u0131m\u0131za dair milletimize s\u00f6z verdik.<\/p>\n<p>Bug\u00fcn Allah\u2019\u0131n izniyle bu i\u015fin alt\u0131ndan kalkt\u0131k, 3 y\u0131l gibi k\u0131sa s\u00fcrede \u015fehirlerimizi yeniden imar ve ihya ettik.<\/p>\n<p>S\u00f6z\u00fcm\u00fcz\u00fc tuttuk.<\/p>\n<p>T\u00fcrkiye g\u00fcndeminden son dakika haberleri, bug\u00fcn ya\u015fanan en son geli\u015fmeler, siyaset g\u00fcndeminden g\u00fcncel haberler ve b\u00fct\u00fcn son dakika haberleri i\u00e7in H\u00fcrriyet&#x27;in internet haber sitesi hurriyet.com.tr; Hurriyet.com.tr haber i\u00e7erikleri kaynak g\u00f6sterilmeden al\u0131nt\u0131 yap\u0131lamaz, Kanuna ayk\u0131r\u0131 ve izinsiz olarak kopyalanamaz, ba\u015fka yerde yay\u0131nlanamaz.<\/p>\n","protected":false},"excerpt":{"rendered":"<p>Cumhurba\u015fkan\u0131 Recep Tayyip Erdo\u011fan, 6 \u015eubat Kahramanmara\u015f depremlerinin y\u0131l d\u00f6n\u00fcm\u00fc dolay\u0131s\u0131yla sosyal medya hesab\u0131ndan mesaj yay\u0131mlad\u0131.<\/p>\n","protected":false},"author":2,"featured_media":71,"comment_status":"open","ping_status":"open","sticky":false,"template":"","format":"standard","meta":{"footnotes":""},"categories":[8,3],"tags":[],"class_list":["post-72","post","type-post","status-publish","format-standard","has-post-thumbnail","hentry","category-arsiv","category-siyaset"],"_links":{"self":[{"href":"https:\/\/eskigazeteci.com\/index.php?rest_route=\/wp\/v2\/posts\/72","targetHints":{"allow":["GET"]}}],"collection":[{"href":"https:\/\/eskigazeteci.com\/index.php?rest_route=\/wp\/v2\/posts"}],"about":[{"href":"https:\/\/eskigazeteci.com\/index.php?rest_route=\/wp\/v2\/types\/post"}],"author":[{"embeddable":true,"href":"https:\/\/eskigazeteci.com\/index.php?rest_route=\/wp\/v2\/users\/2"}],"replies":[{"embeddable":true,"href":"https:\/\/eskigazeteci.com\/index.php?rest_route=%2Fwp%2Fv2%2Fcomments&post=72"}],"version-history":[{"count":0,"href":"https:\/\/eskigazeteci.com\/index.php?rest_route=\/wp\/v2\/posts\/72\/revisions"}],"wp:featuredmedia":[{"embeddable":true,"href":"https:\/\/eskigazeteci.com\/index.php?rest_route=\/wp\/v2\/media\/71"}],"wp:attachment":[{"href":"https:\/\/eskigazeteci.com\/index.php?rest_route=%2Fwp%2Fv2%2Fmedia&parent=72"}],"wp:term":[{"taxonomy":"category","embeddable":true,"href":"https:\/\/eskigazeteci.com\/index.php?rest_route=%2Fwp%2Fv2%2Fcategories&post=72"},{"taxonomy":"post_tag","embeddable":true,"href":"https:\/\/eskigazeteci.com\/index.php?rest_route=%2Fwp%2Fv2%2Ftags&post=72"}],"curies":[{"name":"wp","href":"https:\/\/api.w.org\/{rel}","templated":true}]}}