{"id":718,"date":"2026-02-10T09:39:25","date_gmt":"2026-02-10T09:39:25","guid":{"rendered":"https:\/\/eskigazeteci.com\/?p=718"},"modified":"2026-02-10T09:39:25","modified_gmt":"2026-02-10T09:39:25","slug":"kasapoglu-bu-rapor-devletin-hafizasi-milletin-talebi-olacak","status":"publish","type":"post","link":"https:\/\/eskigazeteci.com\/?p=718","title":{"rendered":"Kasapo\u011flu: Bu rapor devletin haf\u0131zas\u0131, milletin talebi olacak"},"content":{"rendered":"<p>TBMM Engelli Bireylerin Sorunlar\u0131n\u0131 Ara\u015ft\u0131rma Komisyonu , Diyarbak\u0131r &#x27;da b\u00f6lge isti\u015fare toplant\u0131s\u0131n\u0131 ger\u00e7ekle\u015ftirdi. Komisyon Diyarbak\u0131r program\u0131 kapsam\u0131nda Diyarbak\u0131r Valili\u011fi, Diyarbak\u0131r Surkent \u0130\u015fitme Engelliler Ortaokulu, Diyarbak\u0131r ASHB \u0130l M\u00fcd\u00fcrl\u00fc\u011f\u00fc Bak\u0131m, Rehabilitasyon ve Aile Dan\u0131\u015fma Merkezi ile Diyarbak\u0131r Sosyal Hizmet Kamp\u00fcs\u00fc&#x27;n\u00fc ziyaret etti.Engelli Bireylerin Sorunlar\u0131n\u0131 Ara\u015ft\u0131rma Komisyonu Diyarbak\u0131r b\u00f6lge isti\u015fare toplant\u0131s\u0131nda Diyarbak\u0131r&#x27;\u0131n yan\u0131 s\u0131ra Batman, Bitlis, Mardin, Siirt, \u015e\u0131rnak ve Van&#x27;dan gelen kamu kurumlar\u0131, yerel y\u00f6netimler, sivil toplum kurulu\u015flar\u0131, akademisyenler, engelli bireyler ve aileleriyle bir araya geldi.<\/p>\n<p>&#x27;BURADA \u0130DEOLOJ\u0130LER\u0130N KAVGASI DE\u011e\u0130L, \u00c7\u00d6Z\u00dcM\u00dcN ORTAKLI\u011eI VAR&#x27;<\/p>\n<p>Toplant\u0131n\u0131n a\u00e7\u0131l\u0131\u015f\u0131nda konu\u015fan \u00d6nceki D\u00f6nem Gen\u00e7lik ve Spor Bakan\u0131, AK Parti \u0130zmir Milletvekili ve Komisyon Ba\u015fkan\u0131 Dr. Mehmet Kasapo\u011flu , komisyonun haz\u0131rlayaca\u011f\u0131 raporun iskeletini eri\u015filebilirlik, e\u011fitim, istihdam ve sa\u011fl\u0131k ba\u015fl\u0131klar\u0131ndan olu\u015fan d\u00f6rt ana s\u00fctunla olu\u015fturduklar\u0131n\u0131 ve sahadan gelen talep ve \u00f6nerilerle raporun kat\u0131l\u0131mc\u0131 ve geni\u015f perspektifli olaca\u011f\u0131n\u0131 s\u00f6yledi.<\/p>\n<p>Dr. Kasapo\u011flu, \u015fu ifadeleri kulland\u0131: &quot;Komisyonumuzun \u00e7al\u0131\u015fmas\u0131 partiler \u00fcst\u00fc bir \u00e7al\u0131\u015fmad\u0131r. Burada&#8230;<\/p>\n","protected":false},"excerpt":{"rendered":"<p>TBMM Engelli Bireylerin Sorunlar\u0131n\u0131 Ara\u015ft\u0131rma Komisyonu Diyarbak\u0131r&#8217;da b\u00f6lge isti\u015fare toplant\u0131s\u0131nda konu\u015fan \u00d6nceki D\u00f6nem Gen\u00e7lik ve Spor Bakan\u0131, AK Parti&#8230;<\/p>\n","protected":false},"author":2,"featured_media":717,"comment_status":"open","ping_status":"open","sticky":false,"template":"","format":"standard","meta":{"footnotes":""},"categories":[8,6,5],"tags":[],"class_list":["post-718","post","type-post","status-publish","format-standard","has-post-thumbnail","hentry","category-arsiv","category-gundem","category-son-dakika"],"_links":{"self":[{"href":"https:\/\/eskigazeteci.com\/index.php?rest_route=\/wp\/v2\/posts\/718","targetHints":{"allow":["GET"]}}],"collection":[{"href":"https:\/\/eskigazeteci.com\/index.php?rest_route=\/wp\/v2\/posts"}],"about":[{"href":"https:\/\/eskigazeteci.com\/index.php?rest_route=\/wp\/v2\/types\/post"}],"author":[{"embeddable":true,"href":"https:\/\/eskigazeteci.com\/index.php?rest_route=\/wp\/v2\/users\/2"}],"replies":[{"embeddable":true,"href":"https:\/\/eskigazeteci.com\/index.php?rest_route=%2Fwp%2Fv2%2Fcomments&post=718"}],"version-history":[{"count":0,"href":"https:\/\/eskigazeteci.com\/index.php?rest_route=\/wp\/v2\/posts\/718\/revisions"}],"wp:featuredmedia":[{"embeddable":true,"href":"https:\/\/eskigazeteci.com\/index.php?rest_route=\/wp\/v2\/media\/717"}],"wp:attachment":[{"href":"https:\/\/eskigazeteci.com\/index.php?rest_route=%2Fwp%2Fv2%2Fmedia&parent=718"}],"wp:term":[{"taxonomy":"category","embeddable":true,"href":"https:\/\/eskigazeteci.com\/index.php?rest_route=%2Fwp%2Fv2%2Fcategories&post=718"},{"taxonomy":"post_tag","embeddable":true,"href":"https:\/\/eskigazeteci.com\/index.php?rest_route=%2Fwp%2Fv2%2Ftags&post=718"}],"curies":[{"name":"wp","href":"https:\/\/api.w.org\/{rel}","templated":true}]}}