{"id":716,"date":"2026-02-10T09:37:53","date_gmt":"2026-02-10T09:37:53","guid":{"rendered":"https:\/\/eskigazeteci.com\/?p=716"},"modified":"2026-02-10T09:37:53","modified_gmt":"2026-02-10T09:37:53","slug":"fenerbahcenin-anderson-talisca-sari-lacivertli-formaya-girdi","status":"publish","type":"post","link":"https:\/\/eskigazeteci.com\/?p=716","title":{"rendered":"Fenerbah\u00e7e&#8217;nin Anderson Talisca, sar\u0131-lacivertli formaya girdi!"},"content":{"rendered":"<p>Anderson Talisca, Fenerbah\u00e7e &#x27;nin Brezilyal\u0131 h\u00fccum oyuncusu, 32 ya\u015f\u0131ndaki son kariyerinden birini yedi\u011fimiz sezonda sar\u0131-lacivertli formaya girdi. Performans\u0131yla kul\u00fcb\u00fcyle yeni s\u00f6zle\u015fmeye de imza att\u0131.<\/p>\n","protected":false},"excerpt":{"rendered":"<p>Talisca, 32 ya\u015f\u0131ndayken sezon boyunca performansl\u0131&#8230;<\/p>\n","protected":false},"author":2,"featured_media":715,"comment_status":"open","ping_status":"open","sticky":false,"template":"","format":"standard","meta":{"footnotes":""},"categories":[8,5,7],"tags":[],"class_list":["post-716","post","type-post","status-publish","format-standard","has-post-thumbnail","hentry","category-arsiv","category-son-dakika","category-spor"],"_links":{"self":[{"href":"https:\/\/eskigazeteci.com\/index.php?rest_route=\/wp\/v2\/posts\/716","targetHints":{"allow":["GET"]}}],"collection":[{"href":"https:\/\/eskigazeteci.com\/index.php?rest_route=\/wp\/v2\/posts"}],"about":[{"href":"https:\/\/eskigazeteci.com\/index.php?rest_route=\/wp\/v2\/types\/post"}],"author":[{"embeddable":true,"href":"https:\/\/eskigazeteci.com\/index.php?rest_route=\/wp\/v2\/users\/2"}],"replies":[{"embeddable":true,"href":"https:\/\/eskigazeteci.com\/index.php?rest_route=%2Fwp%2Fv2%2Fcomments&post=716"}],"version-history":[{"count":0,"href":"https:\/\/eskigazeteci.com\/index.php?rest_route=\/wp\/v2\/posts\/716\/revisions"}],"wp:featuredmedia":[{"embeddable":true,"href":"https:\/\/eskigazeteci.com\/index.php?rest_route=\/wp\/v2\/media\/715"}],"wp:attachment":[{"href":"https:\/\/eskigazeteci.com\/index.php?rest_route=%2Fwp%2Fv2%2Fmedia&parent=716"}],"wp:term":[{"taxonomy":"category","embeddable":true,"href":"https:\/\/eskigazeteci.com\/index.php?rest_route=%2Fwp%2Fv2%2Fcategories&post=716"},{"taxonomy":"post_tag","embeddable":true,"href":"https:\/\/eskigazeteci.com\/index.php?rest_route=%2Fwp%2Fv2%2Ftags&post=716"}],"curies":[{"name":"wp","href":"https:\/\/api.w.org\/{rel}","templated":true}]}}