{"id":714,"date":"2026-02-10T09:36:34","date_gmt":"2026-02-10T09:36:34","guid":{"rendered":"https:\/\/eskigazeteci.com\/?p=714"},"modified":"2026-02-10T09:36:34","modified_gmt":"2026-02-10T09:36:34","slug":"kurtlar-vadisinin-fenomen-ismi-sivga-gerez-hayatini-kaybetti","status":"publish","type":"post","link":"https:\/\/eskigazeteci.com\/?p=714","title":{"rendered":"Kurtlar Vadisi&#8217;nin fenomen ismi \u015e\u0131vga Gerez hayat\u0131n\u0131 kaybetti"},"content":{"rendered":"<p>Kurtlar Vadisi&#x27;nde canland\u0131rd\u0131\u011f\u0131 karakterle ad\u0131n\u0131 duyuran oryantal, oyuncu \u015e\u0131vga Gerez&#x27;den ac\u0131 haber geldi. 56 ya\u015f\u0131ndaki Gerez hayat\u0131n\u0131 kaybetti.<\/p>\n<p>\u015e\u0131vga Gerez, Kurtlar Vadisi&#x27;nde s\u00fcre ald\u0131\u011f\u0131 boyunca ad\u0131ndan s\u0131k\u00e7a s\u00f6z ettirmi\u015fti.<\/p>\n<p>KANSERLE M\u00dcCADELE ED\u0130YORDU<\/p>\n<p>Ge\u00e7ti\u011fimiz aylarda Kurtlar Vadisi dizisinde &quot;Cerrahpa\u015fal\u0131lar\u0131n Ablas\u0131&quot; karakteriyle tan\u0131nan \u015e\u0131vga Gerez , kanser te\u015fhisi kondu\u011funu duyurmu\u015ftu.<\/p>\n<p>Sosyal medya hesab\u0131ndan yapt\u0131\u011f\u0131 payla\u015f\u0131mda, \u201cKanserle sava\u015f\u0131m\u0131z ba\u015flam\u0131\u015ft\u0131r. En g\u00fczel \u015fekilde u\u011furlay\u0131p g\u00f6nderece\u011fiz, biiznillah,\u201d ifadelerini kullanarak sevenlerinden dua istemi\u015fti.<\/p>\n<p>T\u00fcrkiye&#x27;den ve D\u00fcnya\u2019dan son dakika haberleri, k\u00f6\u015fe yaz\u0131lar\u0131, magazinden siyasete, spordan seyahate b\u00fct\u00fcn konular\u0131n tek adresi Hurriyet.com.tr haber i\u00e7erikleri izin al\u0131nmadan, kaynak g\u00f6sterilerek dahi iktibas edilemez. Kanuna ayk\u0131r\u0131 ve izinsiz olarak kopyalanamaz, ba\u015fka yerde yay\u0131nlanamaz.<\/p>\n","protected":false},"excerpt":{"rendered":"<p>Kurtlar Vadisi&#8217;nde Cerrahpa\u015fal\u0131lar&#8217;\u0131n ablas\u0131 rol\u00fcyle haf\u0131zalara kaz\u0131nan oyuncu \u015e\u0131vga Gerez hayat\u0131n\u0131 kaybetti. 56 ya\u015f\u0131ndaki Gerez, bir s\u00fcredir kanserle&#8230;<\/p>\n","protected":false},"author":2,"featured_media":713,"comment_status":"open","ping_status":"open","sticky":false,"template":"","format":"standard","meta":{"footnotes":""},"categories":[8,6,5],"tags":[],"class_list":["post-714","post","type-post","status-publish","format-standard","has-post-thumbnail","hentry","category-arsiv","category-gundem","category-son-dakika"],"_links":{"self":[{"href":"https:\/\/eskigazeteci.com\/index.php?rest_route=\/wp\/v2\/posts\/714","targetHints":{"allow":["GET"]}}],"collection":[{"href":"https:\/\/eskigazeteci.com\/index.php?rest_route=\/wp\/v2\/posts"}],"about":[{"href":"https:\/\/eskigazeteci.com\/index.php?rest_route=\/wp\/v2\/types\/post"}],"author":[{"embeddable":true,"href":"https:\/\/eskigazeteci.com\/index.php?rest_route=\/wp\/v2\/users\/2"}],"replies":[{"embeddable":true,"href":"https:\/\/eskigazeteci.com\/index.php?rest_route=%2Fwp%2Fv2%2Fcomments&post=714"}],"version-history":[{"count":0,"href":"https:\/\/eskigazeteci.com\/index.php?rest_route=\/wp\/v2\/posts\/714\/revisions"}],"wp:featuredmedia":[{"embeddable":true,"href":"https:\/\/eskigazeteci.com\/index.php?rest_route=\/wp\/v2\/media\/713"}],"wp:attachment":[{"href":"https:\/\/eskigazeteci.com\/index.php?rest_route=%2Fwp%2Fv2%2Fmedia&parent=714"}],"wp:term":[{"taxonomy":"category","embeddable":true,"href":"https:\/\/eskigazeteci.com\/index.php?rest_route=%2Fwp%2Fv2%2Fcategories&post=714"},{"taxonomy":"post_tag","embeddable":true,"href":"https:\/\/eskigazeteci.com\/index.php?rest_route=%2Fwp%2Fv2%2Ftags&post=714"}],"curies":[{"name":"wp","href":"https:\/\/api.w.org\/{rel}","templated":true}]}}