{"id":710,"date":"2026-02-10T09:25:01","date_gmt":"2026-02-10T09:25:01","guid":{"rendered":"https:\/\/eskigazeteci.com\/?p=710"},"modified":"2026-02-10T09:25:01","modified_gmt":"2026-02-10T09:25:01","slug":"ikizleri-olunca-sevincten-havaya-ucmustu-ikisi-de-zor-hastaliga-yakalaninca-dunyasi-yikildi-her-an-canindan-can-gidiyor","status":"publish","type":"post","link":"https:\/\/eskigazeteci.com\/?p=710","title":{"rendered":"\u0130kizleri olunca sevin\u00e7ten havaya u\u00e7mu\u015ftu&#8230; \u0130kisi de zor hastal\u0131\u011fa yakalan\u0131nca d\u00fcnyas\u0131 y\u0131k\u0131ld\u0131: Her an can\u0131ndan can gidiyor"},"content":{"rendered":"<p>\u0130kizleri olunca sevin\u00e7ten havaya u\u00e7mu\u015ftu&#8230; \u0130kisi de zor hastal\u0131\u011fa yakalan\u0131nca d\u00fcnyas\u0131 y\u0131k\u0131ld\u0131: Her g\u00fcn can\u0131ndan can gidiyor<\/p>\n<p>Bir anne ve baba i\u00e7in ya\u015fayabilece\u011fi en korkun\u00e7 kabus evlatlar\u0131n\u0131n ba\u015f\u0131na bir olumsuzluk gelmesidir&#8230; \u00d6yle bir durumda her ebeveynin d\u00fcnyas\u0131 ba\u015f\u0131na y\u0131k\u0131l\u0131r, kalbi parampar\u00e7a olur.<\/p>\n<p>\u0130\u015fte daha ge\u00e7en y\u0131l\u0131n may\u0131s ay\u0131nda ikiz bebekleri d\u00fcnyaya geldi\u011fi i\u00e7in sevin\u00e7ten ayaklar\u0131 yerden kesilen \u00fcnl\u00fc \u015fark\u0131c\u0131 da bunlardan biri.<\/p>\n<p>\u00c7\u00fcnk\u00fc onun sevinci, ikizlerinin zor bir hastal\u0131kla d\u00fcnyaya geldi\u011fini \u00f6\u011frenmesinden sonra yerle bir oldu.. \u015eimdi bir yandan miniklerinin hastal\u0131kla m\u00fccadelesini kamuoyuyla payla\u015f\u0131rken bir yandan da onlar\u0131 \u00f6nlerinde uzanan hayata haz\u0131rl\u0131yor.<\/p>\n<p>\u0130K\u0130Z KIZLARI SMA T\u0130P 1 HASTASI \u00c7IKTI \u0130kiz bebeklerinin hastal\u0131\u011f\u0131yla y\u0131k\u0131lan bu \u00fcnl\u00fc, Little Mix adl\u0131 m\u00fczik grubuyla tan\u0131nan Jesy Nelson.<\/p>\n<p>34 ya\u015f\u0131ndaki Nelson, eski ni\u015fanl\u0131s\u0131 Zion Foster ile birlikte ge\u00e7en y\u0131l\u0131n may\u0131s ay\u0131nda ikiz k\u0131z bebeklerini kuca\u011f\u0131na ald\u0131. \u00c7iftin Ocean (Okyanus) ve Story (\u00d6yk\u00fc) ad\u0131n\u0131 verdikleri ikizlerinin do\u011fumuyla d\u00fcnyalar da onlar\u0131n oldu.<\/p>\n<p>Fakat \u00e7ok ge\u00e7meden ikiz bebeklerin Tip 1 SMA hastas\u0131 oldu\u011fu ortaya \u00e7\u0131kt\u0131. \u0130\u015fte bu ger\u00e7ek de Nelson ile Foster&#x27;\u0131n d\u00fcnyas\u0131n\u0131 karartt\u0131. Hatta&#8230;<\/p>\n","protected":false},"excerpt":{"rendered":"<p>Bir anne ve baba i\u00e7in ya\u015fayabilece\u011fi en korkun\u00e7 kabus evlatlar\u0131n\u0131n ba\u015f\u0131na bir olumsuzluk gelmesidir&#8230; \u00d6yle bir durumda her ebeveynin d\u00fcnyas\u0131 ba\u015f\u0131na y\u0131k\u0131l\u0131r,&#8230;<\/p>\n","protected":false},"author":2,"featured_media":709,"comment_status":"open","ping_status":"open","sticky":false,"template":"","format":"standard","meta":{"footnotes":""},"categories":[8,6,5],"tags":[],"class_list":["post-710","post","type-post","status-publish","format-standard","has-post-thumbnail","hentry","category-arsiv","category-gundem","category-son-dakika"],"_links":{"self":[{"href":"https:\/\/eskigazeteci.com\/index.php?rest_route=\/wp\/v2\/posts\/710","targetHints":{"allow":["GET"]}}],"collection":[{"href":"https:\/\/eskigazeteci.com\/index.php?rest_route=\/wp\/v2\/posts"}],"about":[{"href":"https:\/\/eskigazeteci.com\/index.php?rest_route=\/wp\/v2\/types\/post"}],"author":[{"embeddable":true,"href":"https:\/\/eskigazeteci.com\/index.php?rest_route=\/wp\/v2\/users\/2"}],"replies":[{"embeddable":true,"href":"https:\/\/eskigazeteci.com\/index.php?rest_route=%2Fwp%2Fv2%2Fcomments&post=710"}],"version-history":[{"count":0,"href":"https:\/\/eskigazeteci.com\/index.php?rest_route=\/wp\/v2\/posts\/710\/revisions"}],"wp:featuredmedia":[{"embeddable":true,"href":"https:\/\/eskigazeteci.com\/index.php?rest_route=\/wp\/v2\/media\/709"}],"wp:attachment":[{"href":"https:\/\/eskigazeteci.com\/index.php?rest_route=%2Fwp%2Fv2%2Fmedia&parent=710"}],"wp:term":[{"taxonomy":"category","embeddable":true,"href":"https:\/\/eskigazeteci.com\/index.php?rest_route=%2Fwp%2Fv2%2Fcategories&post=710"},{"taxonomy":"post_tag","embeddable":true,"href":"https:\/\/eskigazeteci.com\/index.php?rest_route=%2Fwp%2Fv2%2Ftags&post=710"}],"curies":[{"name":"wp","href":"https:\/\/api.w.org\/{rel}","templated":true}]}}