{"id":708,"date":"2026-02-10T09:17:56","date_gmt":"2026-02-10T09:17:56","guid":{"rendered":"https:\/\/eskigazeteci.com\/?p=708"},"modified":"2026-02-10T09:17:56","modified_gmt":"2026-02-10T09:17:56","slug":"isvicreden-gelen-genc-kiz-istanbuldaki-ameliyattan-sonra-olmustu-babadan-yurek-burkan-sozler","status":"publish","type":"post","link":"https:\/\/eskigazeteci.com\/?p=708","title":{"rendered":"\u0130svi\u00e7re&#8217;den gelen gen\u00e7 k\u0131z \u0130stanbul&#8217;daki ameliyattan sonra \u00f6lm\u00fc\u015ft\u00fc! Babadan y\u00fcrek burkan s\u00f6zler"},"content":{"rendered":"<p>Portekiz as\u0131ll\u0131 Aida Alexander Oliviera, estetik ameliyat\u0131 i\u00e7in 1 Mart 2024&#x27;te \u0130svi\u00e7re&#x27;den T\u00fcrkiye&#x27;ye geldi. Sanal medyadan ileti\u015fime ge\u00e7ti\u011fi doktor ile ayn\u0131 g\u00fcn \u015ei\u015fli&#x27;de klinikte bulu\u015fan Oliviera&#x27;n\u0131n ya\u011f ald\u0131rma ve kal\u00e7aya ya\u011f enjeksiyonu Balat&#x27;taki \u00f6zel hastanede yap\u0131ld\u0131. Ameliyat\u0131n ard\u0131ndan oteline d\u00f6nen Oliviera 5 g\u00fcn sonra rahats\u0131zland\u0131. Doktorun klini\u011finde tedaviye al\u0131nan Oliviera, 7 Mart&#x27;ta hayat\u0131n\u0131 kaybetti. Olay\u0131n ard\u0131ndan Adli T\u0131p Kurumu&#x27;nda otopsi i\u015flemi yap\u0131lan kad\u0131n\u0131n; ya\u011f ald\u0131rma ve kal\u00e7aya ya\u011f enjeksiyonu sonras\u0131nda olu\u015fan b\u00fcy\u00fck damar y\u0131rt\u0131lmas\u0131na ba\u011fl\u0131 i\u00e7 kanama ile akci\u011fer damarlar\u0131n\u0131n p\u0131ht\u0131 ile t\u0131kanmas\u0131 sonucu \u00f6ld\u00fc\u011f\u00fc tespit edildi. \u00d6l\u00fcm\u00fcn ard\u0131ndan ba\u015flat\u0131lan soru\u015fturma s\u00fcrerken doktorun kusurlu olup olmad\u0131\u011f\u0131na ili\u015fkin de\u011ferlendirmenin ise s\u00fcrd\u00fc\u011f\u00fc belirtildi. Soru\u015fturmada ayr\u0131ca \u00f6l\u00fcm\u00fcn ard\u0131ndan te\u015fhis i\u00e7in \u0130stanbul&#x27;a gelen kuzeninin ifadesinin al\u0131nd\u0131\u011f\u0131 ve yeminli terc\u00fcman yerine doktorun y\u00f6nlendirdi\u011fi bir ki\u015finin terc\u00fcmanl\u0131k yapt\u0131\u011f\u0131 iddia edildi.<\/p>\n<p>&#x27;B\u0130Z\u0130M ARAMALARIMIZA CEVAP VEREMED\u0130&#x27;<\/p>\n<p>Annesi, Antonio Serafim De Freitas Ribeiro &quot;Mart ay\u0131nda 2 y\u0131l olacak. Tek evlad\u0131m\u0131z, k\u0131z\u0131m\u0131z\u0131 22 ya\u015f\u0131nda T\u00fcrkiye&#x27;de yap\u0131lan cerrahi bir operasyon sonras\u0131nda kaybettik. K\u0131z\u0131m\u0131z&#8230;<\/p>\n","protected":false},"excerpt":{"rendered":"<p>\u0130svi\u00e7re&#8217;den estetik operasyonu i\u00e7in T\u00fcrkiye&#8217;ye gelen Portekiz as\u0131ll\u0131 Aida Alexander Oliviera (23), \u015ei\u015fli&#8217;deki klinikte oldu\u011fu ameliyat\u0131n ard\u0131ndan hayat\u0131n\u0131&#8230;<\/p>\n","protected":false},"author":2,"featured_media":707,"comment_status":"open","ping_status":"open","sticky":false,"template":"","format":"standard","meta":{"footnotes":""},"categories":[8,6,5],"tags":[],"class_list":["post-708","post","type-post","status-publish","format-standard","has-post-thumbnail","hentry","category-arsiv","category-gundem","category-son-dakika"],"_links":{"self":[{"href":"https:\/\/eskigazeteci.com\/index.php?rest_route=\/wp\/v2\/posts\/708","targetHints":{"allow":["GET"]}}],"collection":[{"href":"https:\/\/eskigazeteci.com\/index.php?rest_route=\/wp\/v2\/posts"}],"about":[{"href":"https:\/\/eskigazeteci.com\/index.php?rest_route=\/wp\/v2\/types\/post"}],"author":[{"embeddable":true,"href":"https:\/\/eskigazeteci.com\/index.php?rest_route=\/wp\/v2\/users\/2"}],"replies":[{"embeddable":true,"href":"https:\/\/eskigazeteci.com\/index.php?rest_route=%2Fwp%2Fv2%2Fcomments&post=708"}],"version-history":[{"count":0,"href":"https:\/\/eskigazeteci.com\/index.php?rest_route=\/wp\/v2\/posts\/708\/revisions"}],"wp:featuredmedia":[{"embeddable":true,"href":"https:\/\/eskigazeteci.com\/index.php?rest_route=\/wp\/v2\/media\/707"}],"wp:attachment":[{"href":"https:\/\/eskigazeteci.com\/index.php?rest_route=%2Fwp%2Fv2%2Fmedia&parent=708"}],"wp:term":[{"taxonomy":"category","embeddable":true,"href":"https:\/\/eskigazeteci.com\/index.php?rest_route=%2Fwp%2Fv2%2Fcategories&post=708"},{"taxonomy":"post_tag","embeddable":true,"href":"https:\/\/eskigazeteci.com\/index.php?rest_route=%2Fwp%2Fv2%2Ftags&post=708"}],"curies":[{"name":"wp","href":"https:\/\/api.w.org\/{rel}","templated":true}]}}