{"id":702,"date":"2026-02-10T09:09:36","date_gmt":"2026-02-10T09:09:36","guid":{"rendered":"https:\/\/eskigazeteci.com\/?p=702"},"modified":"2026-02-10T09:09:36","modified_gmt":"2026-02-10T09:09:36","slug":"ankarada-chpli-belediye-baskanlarindan-ortak-aciklama","status":"publish","type":"post","link":"https:\/\/eskigazeteci.com\/?p=702","title":{"rendered":"Ankara&#8217;da CHP&#8217;li belediye ba\u015fkanlar\u0131ndan ortak a\u00e7\u0131klama"},"content":{"rendered":"<p>Ke\u00e7i\u00f6ren Belediye Ba\u015fkan\u0131 Mesut \u00d6zarslan&#x27;\u0131n \u00f6nceki g\u00fcn CHP&#x27;den istifa etmesinin ard\u0131ndan Ankara B\u00fcy\u00fck\u015fehir Belediye Ba\u015fkan\u0131 Mansur Yava\u015f ve CHP&#x27;li il\u00e7e belediye ba\u015fkanlar\u0131 ile milletvekilleri, CHP Parti Meclisi \u00fcyeleri ve Ankara \u00f6rg\u00fct\u00fc, d\u00fcn ak\u015fam G\u00f6lba\u015f\u0131 il\u00e7esindeki Mogan G\u00f6l\u00fc Belediye Tesisleri&#x27;nde bir araya geldi. Bas\u0131na kapal\u0131 ger\u00e7ekle\u015ftirilen toplant\u0131n\u0131n ard\u0131ndan bug\u00fcn yaz\u0131l\u0131 a\u00e7\u0131klama yap\u0131ld\u0131.<\/p>\n<p>ABB Ba\u015fkan\u0131 Mansur Yava\u015f ve 15 il\u00e7e belediye ba\u015fkan\u0131 taraf\u0131ndan yap\u0131lan ortak a\u00e7\u0131klamada, s\u00f6z konusu bulu\u015fman\u0131n yakla\u015f\u0131k 10 g\u00fcn \u00f6ncesinden planlanm\u0131\u015f bir isti\u015fare toplant\u0131s\u0131 oldu\u011fu belirtilerek, &quot;Son g\u00fcnlerde kamuoyunun g\u00fcndeminde yer alan baz\u0131 geli\u015fmelerle toplant\u0131 tarihinin \u00f6rt\u00fc\u015fmesi ise tamamen bir tesad\u00fcft\u00fcr. Bizler, Cumhuriyet Halk Partili B\u00fcy\u00fck\u015fehir Belediye Ba\u015fkan\u0131 ve CHP &#x27;li 15 il\u00e7e belediye ba\u015fkan\u0131 olarak, ayn\u0131 anlay\u0131\u015f\u0131n, ayn\u0131 sorumlulu\u011fun ve ayn\u0131 halk\u00e7\u0131 belediyecilik \u00e7izgisinin temsilcileriyiz. \u00dcnvanlar\u0131m\u0131z ve hizmet verdi\u011fimiz b\u00f6lgeler farkl\u0131 olabilir. Ancak bu kente ve bu \u00fclkeye kar\u015f\u0131 ta\u015f\u0131d\u0131\u011f\u0131m\u0131z sorumluluk tektir. Bizi bir arada tutan, ortak de\u011ferlerimiz ve milletin iradesidir. Ankara &#x27;da da, T\u00fcrkiye&#x27;nin d\u00f6rt bir yan\u0131nda da; hizmeti merkeze alan, \u015feffafl\u0131ktan ve adaletten&#8230;<\/p>\n","protected":false},"excerpt":{"rendered":"<p>ANKARA B\u00fcy\u00fck\u015fehir Belediye (ABB) Ba\u015fkan\u0131 Mansur Yava\u015f ve CHP&#8217;li il\u00e7e belediye ba\u015fkanlar\u0131, d\u00fcn ak\u015fam Ba\u015fkent&#8217;te bir araya geldi. Toplant\u0131 sonras\u0131 yap\u0131lan&#8230;<\/p>\n","protected":false},"author":2,"featured_media":701,"comment_status":"open","ping_status":"open","sticky":false,"template":"","format":"standard","meta":{"footnotes":""},"categories":[8,6,5],"tags":[],"class_list":["post-702","post","type-post","status-publish","format-standard","has-post-thumbnail","hentry","category-arsiv","category-gundem","category-son-dakika"],"_links":{"self":[{"href":"https:\/\/eskigazeteci.com\/index.php?rest_route=\/wp\/v2\/posts\/702","targetHints":{"allow":["GET"]}}],"collection":[{"href":"https:\/\/eskigazeteci.com\/index.php?rest_route=\/wp\/v2\/posts"}],"about":[{"href":"https:\/\/eskigazeteci.com\/index.php?rest_route=\/wp\/v2\/types\/post"}],"author":[{"embeddable":true,"href":"https:\/\/eskigazeteci.com\/index.php?rest_route=\/wp\/v2\/users\/2"}],"replies":[{"embeddable":true,"href":"https:\/\/eskigazeteci.com\/index.php?rest_route=%2Fwp%2Fv2%2Fcomments&post=702"}],"version-history":[{"count":0,"href":"https:\/\/eskigazeteci.com\/index.php?rest_route=\/wp\/v2\/posts\/702\/revisions"}],"wp:featuredmedia":[{"embeddable":true,"href":"https:\/\/eskigazeteci.com\/index.php?rest_route=\/wp\/v2\/media\/701"}],"wp:attachment":[{"href":"https:\/\/eskigazeteci.com\/index.php?rest_route=%2Fwp%2Fv2%2Fmedia&parent=702"}],"wp:term":[{"taxonomy":"category","embeddable":true,"href":"https:\/\/eskigazeteci.com\/index.php?rest_route=%2Fwp%2Fv2%2Fcategories&post=702"},{"taxonomy":"post_tag","embeddable":true,"href":"https:\/\/eskigazeteci.com\/index.php?rest_route=%2Fwp%2Fv2%2Ftags&post=702"}],"curies":[{"name":"wp","href":"https:\/\/api.w.org\/{rel}","templated":true}]}}