{"id":70,"date":"2026-02-06T10:32:04","date_gmt":"2026-02-06T10:32:04","guid":{"rendered":"https:\/\/eskigazeteci.com\/?p=70"},"modified":"2026-02-06T10:32:04","modified_gmt":"2026-02-06T10:32:04","slug":"haber-11","status":"publish","type":"post","link":"https:\/\/eskigazeteci.com\/?p=70","title":{"rendered":"Haber"},"content":{"rendered":"<p>Meteoroloji Genel M\u00fcd\u00fcrl\u00fc\u011f\u00fc&#x27;n\u00fcn (MGM) tahminlerine g\u00f6re bug\u00fcn ve hafta sonu t\u00fcm yurtta sa\u011fanak ya\u011f\u0131\u015flar etkili olacak. Antalya, Burdur, Isparta, Mu\u011fla, Amasya, Artvin, \u00c7orum, Giresun, G\u00fcm\u00fc\u015fhane, Kayseri, Nev\u015fehir, Ni\u011fde, Ordu, Rize, Samsun, Sivas, Tokat, Trabzon, Yozgat ve Bayburt illeri i\u00e7in sar\u0131 kodlu meteorolojik uyar\u0131 verildi.<\/p>\n<p>Yetkililer, ya\u011f\u0131\u015f ve f\u0131rt\u0131nan\u0131n hafta sonu boyunca aral\u0131klarla devam etmesinin beklendi\u011fini belirterek, ani sel, su bask\u0131n\u0131, kuvvetli r\u00fczgar ve ula\u015f\u0131mda ya\u015fanabilecek olumsuzluklara kar\u015f\u0131 dikkatli ve tedbirli olmalar\u0131 konusunda vatanda\u015flar\u0131 uyard\u0131.<\/p>\n<p>ANTALYA&#x27;DA CADDE VE SOKAKLARDA SU B\u0130R\u0130K\u0130NT\u0130S\u0130 OLU\u015eTU<\/p>\n<p>Meteoroloji Genel M\u00fcd\u00fcrl\u00fc\u011f\u00fc&#x27;n\u00fcn &#x27;sar\u0131 kod&#x27;lu uyar\u0131s\u0131n\u0131n ard\u0131ndan ba\u015flayan ya\u011f\u0131\u015f bir\u00e7ok kentte, k\u0131sa s\u00fcrede etkisini art\u0131rd\u0131. Antalya&#x27;da, sabah saatlerinde de devam eden sa\u011fanak nedeniyle kent merkezinde baz\u0131 cadde ve sokaklarda su birikintileri olu\u015ftu. Ara\u00e7lar g\u00fc\u00e7l\u00fckle ilerlerken, vatanda\u015flar da haz\u0131rl\u0131ks\u0131z yakaland\u0131. Trafikte yer yer aksamalar ya\u015fand\u0131.<\/p>\n<p>HORTUM VE SA\u011eANAK, \u0130\u015e\u00c7\u0130 EVLER\u0130NE, SERALAR VE ENERJ\u0130 NAK\u0130L HATLARINA ZARAR VERD\u0130<\/p>\n<p>Antalya &#x27;n\u0131n Kumluca ve Finike il\u00e7elerinde kuvvetli sa\u011fanak ve hortum, seralarda zarara neden oldu.<\/p>\n<p>Kentte ak\u015fam saatlerinde ba\u015flayan kuvvetli sa\u011fanak etkisini s\u00fcrd\u00fcr\u00fcyor. Kent merkezinde baz\u0131 mahallerdeki ev ve i\u015f yerlerini su bast\u0131.<\/p>\n<p>Kumluca il\u00e7esinde etkisini s\u00fcrd\u00fcren sa\u011fanakla hortum olu\u015ftu. Hortum nedeniyle ilk belirlemelere g\u00f6re Kum, Kar\u015f\u0131yaka ve Beykonak mahallelerinde seralarda hasar olu\u015ftu, baz\u0131 seralar\u0131n plastik \u00f6rt\u00fcleri y\u0131rt\u0131ld\u0131, enerji nakit hatlar\u0131nda da zarar meydana geldi. Su bask\u0131nlar\u0131, seralarda ve b\u00f6lgedeki i\u015f\u00e7i evlerinde hasara yol a\u00e7t\u0131. Ya\u011f\u0131\u015f\u0131n s\u00fcrd\u00fc\u011f\u00fc il\u00e7ede enerji nakil hatlar\u0131n\u0131n zarar g\u00f6rd\u00fc\u011f\u00fc mahallelerde elektrik kesintileri ya\u015fan\u0131yor. Finike il\u00e7esi Hasyurt Mahallesi&#x27;ndeki seralar da hortumdan zarar g\u00f6rd\u00fc. Ya\u011f\u0131\u015f nedeniyle Yarba\u015f\u0131 kanal\u0131 ta\u015ft\u0131.<\/p>\n<p>KEMER&#x27;DE E\u011e\u0130T\u0130ME BUG\u00dcN ARA VER\u0130LD\u0130<\/p>\n<p>Kemer il\u00e7esinde ise beklenen kuvvetli ya\u011f\u0131\u015f nedeniyle e\u011fitime bug\u00fcn ara verildi. Kemer Kaymakaml\u0131\u011f\u0131&#x27;ndan yap\u0131lan a\u00e7\u0131klamada, &quot;Kaymakaml\u0131\u011f\u0131m\u0131z taraf\u0131ndan il\u00e7emizde a\u015f\u0131r\u0131 ya\u011f\u0131\u015flar ve elveri\u015fsiz hava ko\u015fullar\u0131 nedeniyle bug\u00fcn 6 \u015eubat 2026 tarihinde e\u011fitime 1 g\u00fcn ara verilmi\u015ftir&quot; denildi.<\/p>\n<p>SEL\u00c7UK-AYDIN KARA YOLUNDA \u00c7\u00d6KME MEYDANA GELD\u0130<\/p>\n<p>\u0130zmir&#x27;de d\u00fcn etkili olan kuvvetli sa\u011fanak nedeniyle \u00e7\u00f6kme ya\u015fanan Sel\u00e7uk-Ayd\u0131n kara yolu ula\u015f\u0131ma kapat\u0131ld\u0131. \u0130zmir&#x27;de d\u00fcnden beri etkili olan ya\u011f\u0131\u015f ya\u015fam\u0131 olumsuz etkiledi.<\/p>\n<p>Sa\u011fanak nedeniyle Sel\u00e7uk-Ayd\u0131n kara yolunun Havut\u00e7u mevkisinde \u00e7\u00f6kme meydana geldi. \u00c7\u00f6kme nedeniyle yol \u00e7ift tarafl\u0131 ula\u015f\u0131ma kapat\u0131ld\u0131.<\/p>\n<p>Jandarma ekipleri b\u00f6lgede \u00f6nlem ald\u0131. Karayollar\u0131 ekipleri, \u00e7\u00f6ken yolu onarmak i\u00e7in \u00e7al\u0131\u015fma ba\u015flatt\u0131.<\/p>\n<p>B\u00f6lgede i\u015fletmesi bulunan \u0130brahim \u00c7a\u011flar, gazetecilere yapt\u0131\u011f\u0131 a\u00e7\u0131klamada, &quot;Deprem oldu sand\u0131k, bakt\u0131k yol \u00e7\u00f6km\u00fc\u015f. O esnada trafi\u011fi durdurmaya \u00e7al\u0131\u015ft\u0131k, yard\u0131mc\u0131 olduk. Sonra ekipler geldi.&quot; dedi. OSMAN\u0130YE\u2019DE \u015e\u0130DDETL\u0130 R\u00dcZGAR CAM\u0130 M\u0130NARES\u0130N\u0130 DEV\u0130RD\u0130<\/p>\n<p>Osmaniye\u2019nin D\u00fczi\u00e7i il\u00e7esinde etkili olan \u015fiddetli r\u00fczg\u00e2r, cami minaresinin devrilmesine neden oldu. Olay, D\u00fczi\u00e7i il\u00e7esine ba\u011fl\u0131 Haruniye Mahallesi\u2019nde d\u00fcn ak\u015fam saatlerinde meydana geldi. K\u0131sa s\u00fcrede etkisini art\u0131ran \u015fiddetli r\u00fczg\u00e2r nedeniyle Merkez Camii\u2019nin minaresi devrildi. Devrilen minare, cami bah\u00e7esindeki a\u011fa\u00e7lar\u0131n \u00fczerine d\u00fc\u015ft\u00fc. \u0130hbar \u00fczerine b\u00f6lgeye D\u00fczi\u00e7i Belediyesi itfaiye ekipleri sevk edildi. Ekipler, minarenin bulundu\u011fu alanda g\u00fcvenlik \u00f6nlemleri alarak kald\u0131rma \u00e7al\u0131\u015fmas\u0131 ba\u015flatt\u0131.<\/p>\n<p>T\u00fcrkiye g\u00fcndeminden son dakika haberleri, bug\u00fcn ya\u015fanan en son geli\u015fmeler, siyaset g\u00fcndeminden g\u00fcncel haberler ve b\u00fct\u00fcn son dakika haberleri i\u00e7in H\u00fcrriyet&#x27;in internet haber sitesi hurriyet.com.tr; Hurriyet.com.tr haber i\u00e7erikleri kaynak g\u00f6sterilmeden al\u0131nt\u0131 yap\u0131lamaz, Kanuna ayk\u0131r\u0131 ve izinsiz olarak kopyalanamaz, ba\u015fka yerde yay\u0131nlanamaz.<\/p>\n","protected":false},"excerpt":{"rendered":"<p>Antalya kent merkezinde etkili olan kuvvetli sa\u011fanak ve f\u0131rt\u0131na hayat\u0131 olumsuz etkiledi. Kumluca ve Finike il\u00e7elerinde hortum ve sa\u011fanak, i\u015f\u00e7i evlerine,&#8230;<\/p>\n","protected":false},"author":2,"featured_media":69,"comment_status":"open","ping_status":"open","sticky":false,"template":"","format":"standard","meta":{"footnotes":""},"categories":[8,3],"tags":[],"class_list":["post-70","post","type-post","status-publish","format-standard","has-post-thumbnail","hentry","category-arsiv","category-siyaset"],"_links":{"self":[{"href":"https:\/\/eskigazeteci.com\/index.php?rest_route=\/wp\/v2\/posts\/70","targetHints":{"allow":["GET"]}}],"collection":[{"href":"https:\/\/eskigazeteci.com\/index.php?rest_route=\/wp\/v2\/posts"}],"about":[{"href":"https:\/\/eskigazeteci.com\/index.php?rest_route=\/wp\/v2\/types\/post"}],"author":[{"embeddable":true,"href":"https:\/\/eskigazeteci.com\/index.php?rest_route=\/wp\/v2\/users\/2"}],"replies":[{"embeddable":true,"href":"https:\/\/eskigazeteci.com\/index.php?rest_route=%2Fwp%2Fv2%2Fcomments&post=70"}],"version-history":[{"count":0,"href":"https:\/\/eskigazeteci.com\/index.php?rest_route=\/wp\/v2\/posts\/70\/revisions"}],"wp:featuredmedia":[{"embeddable":true,"href":"https:\/\/eskigazeteci.com\/index.php?rest_route=\/wp\/v2\/media\/69"}],"wp:attachment":[{"href":"https:\/\/eskigazeteci.com\/index.php?rest_route=%2Fwp%2Fv2%2Fmedia&parent=70"}],"wp:term":[{"taxonomy":"category","embeddable":true,"href":"https:\/\/eskigazeteci.com\/index.php?rest_route=%2Fwp%2Fv2%2Fcategories&post=70"},{"taxonomy":"post_tag","embeddable":true,"href":"https:\/\/eskigazeteci.com\/index.php?rest_route=%2Fwp%2Fv2%2Ftags&post=70"}],"curies":[{"name":"wp","href":"https:\/\/api.w.org\/{rel}","templated":true}]}}