{"id":696,"date":"2026-02-10T09:05:01","date_gmt":"2026-02-10T09:05:01","guid":{"rendered":"https:\/\/eskigazeteci.com\/?p=696"},"modified":"2026-02-10T09:05:01","modified_gmt":"2026-02-10T09:05:01","slug":"milli-basketbolcu-tarik-biberovic-red-bull-sporcusu-oldu","status":"publish","type":"post","link":"https:\/\/eskigazeteci.com\/?p=696","title":{"rendered":"Milli Basketbolcu Tar\u0131k Biberovic Red Bull Sporcusu Oldu"},"content":{"rendered":"<p>Red Bull, T\u00fcrkiye\u2019de sporun farkl\u0131 disiplinlerinde s\u0131n\u0131rlar\u0131 zorlayan sporculara verdi\u011fi deste\u011fi basketbol sahalar\u0131na da ta\u015f\u0131yor. T\u00fcrk basketbolunun y\u00fckselen y\u0131ld\u0131zlar\u0131ndan Tar\u0131k Biberovic, Red Bull ailesine kat\u0131larak markan\u0131n T\u00fcrkiye\u2019de basketbol bran\u015f\u0131ndaki ilk temsilcisi oldu.<\/p>\n<p>Tar\u0131k Biberovic, bug\u00fcne dek g\u00f6sterdi\u011fi performansla T\u00fcrkiye basketbolunun son zamanlarda y\u00fckselen y\u0131ld\u0131zlar\u0131 aras\u0131nda g\u00f6steriliyor. Saha i\u00e7i ve d\u0131\u015f\u0131ndaki enerjik duru\u015fuyla dikkat \u00e7eken Biberovic; Pascal Siakam, Dylan Harper, Dzanan Musa, AJ Dybantsa, Mondo Duplantis ve Max Verstappen gibi d\u00fcnya \u00e7ap\u0131ndaki sporcular ile beraber 900\u2019\u00fc a\u015fk\u0131n Red Bull sporcusundan biri oldu.<\/p>\n<p>Red Bull sporcusu olmas\u0131na ili\u015fkin a\u00e7\u0131klamalarda bulunan Tar\u0131k Biberovic , \u201cRed Bull gibi sporu ve sporcular\u0131 her zaman daha ileriye ta\u015f\u0131yan bir markan\u0131n par\u00e7as\u0131 olmak benim i\u00e7in b\u00fcy\u00fck bir gurur. T\u00fcrkiye\u2019de basketbol bran\u015f\u0131nda Red Bull\u2019u temsil eden ilk sporcu olmak ise ayr\u0131ca heyecan verici. NBA y\u0131ld\u0131z\u0131 Pascal Siakam ve Dylan Harper gibi elit sporcular\u0131n aras\u0131na kat\u0131lmak \u00e7ok g\u00fczel bir duygu. Red Bull ile yapaca\u011f\u0131m\u0131z projeler i\u00e7in \u015fimdiden \u00e7ok heyecanl\u0131y\u0131m.\u201d dedi.<\/p>\n<p>T\u00fcrkiye&#x27;den ve D\u00fcnya\u2019dan son dakika haberleri, k\u00f6\u015fe yaz\u0131lar\u0131, magazinden&#8230;<\/p>\n","protected":false},"excerpt":{"rendered":"<p>T\u00fcrk basketbolunun y\u00fckselen y\u0131ld\u0131zlar\u0131ndan Tar\u0131k Biberovic, Red Bull ailesine kat\u0131ld\u0131. Sergiledi\u011fi etkileyici performansla dikkatleri \u00fczerine \u00e7eken gen\u00e7&#8230;<\/p>\n","protected":false},"author":2,"featured_media":695,"comment_status":"open","ping_status":"open","sticky":false,"template":"","format":"standard","meta":{"footnotes":""},"categories":[8,5,7],"tags":[],"class_list":["post-696","post","type-post","status-publish","format-standard","has-post-thumbnail","hentry","category-arsiv","category-son-dakika","category-spor"],"_links":{"self":[{"href":"https:\/\/eskigazeteci.com\/index.php?rest_route=\/wp\/v2\/posts\/696","targetHints":{"allow":["GET"]}}],"collection":[{"href":"https:\/\/eskigazeteci.com\/index.php?rest_route=\/wp\/v2\/posts"}],"about":[{"href":"https:\/\/eskigazeteci.com\/index.php?rest_route=\/wp\/v2\/types\/post"}],"author":[{"embeddable":true,"href":"https:\/\/eskigazeteci.com\/index.php?rest_route=\/wp\/v2\/users\/2"}],"replies":[{"embeddable":true,"href":"https:\/\/eskigazeteci.com\/index.php?rest_route=%2Fwp%2Fv2%2Fcomments&post=696"}],"version-history":[{"count":0,"href":"https:\/\/eskigazeteci.com\/index.php?rest_route=\/wp\/v2\/posts\/696\/revisions"}],"wp:featuredmedia":[{"embeddable":true,"href":"https:\/\/eskigazeteci.com\/index.php?rest_route=\/wp\/v2\/media\/695"}],"wp:attachment":[{"href":"https:\/\/eskigazeteci.com\/index.php?rest_route=%2Fwp%2Fv2%2Fmedia&parent=696"}],"wp:term":[{"taxonomy":"category","embeddable":true,"href":"https:\/\/eskigazeteci.com\/index.php?rest_route=%2Fwp%2Fv2%2Fcategories&post=696"},{"taxonomy":"post_tag","embeddable":true,"href":"https:\/\/eskigazeteci.com\/index.php?rest_route=%2Fwp%2Fv2%2Ftags&post=696"}],"curies":[{"name":"wp","href":"https:\/\/api.w.org\/{rel}","templated":true}]}}