{"id":692,"date":"2026-02-10T08:54:59","date_gmt":"2026-02-10T08:54:59","guid":{"rendered":"https:\/\/eskigazeteci.com\/?p=692"},"modified":"2026-02-10T08:54:59","modified_gmt":"2026-02-10T08:54:59","slug":"ispanya-fenerbahcenin-yildizi-marco-asensioyu-konusuyor-ne-cilginca-bir-sey-yaptin-sen","status":"publish","type":"post","link":"https:\/\/eskigazeteci.com\/?p=692","title":{"rendered":"\u0130spanya, Fenerbah\u00e7e&#8217;nin y\u0131ld\u0131z\u0131 Marco Asensio&#8217;yu konu\u015fuyor: &#8216;Ne \u00e7\u0131lg\u0131nca bir \u015fey yapt\u0131n sen!&#8217;"},"content":{"rendered":"<p>Fenerbah\u00e7e, S\u00fcper Lig&#x27;in 21. haftas\u0131nda sahas\u0131nda kar\u015f\u0131la\u015ft\u0131\u011f\u0131 Gen\u00e7lerbirli\u011fi&#x27;ni 16. dakikada Talisca, 27. ve 33. dakikalarda Kerem Akt\u00fcrko\u011flu&#x27;nun att\u0131\u011f\u0131 gollerle 3-1 ma\u011flup etti.<\/p>\n<p>Sar\u0131-lacivertlilerin sezon ba\u015f\u0131nda kadrosuna katt\u0131\u011f\u0131 Marco Asensio, Kerem Akt\u00fcrko\u011flu&#x27;nun att\u0131\u011f\u0131 ilk golde verdi\u011fi topuk pas\u0131yla muhte\u015fem bir asiste imza atarken bu hareketi \u00fclkesi \u0130spanya &#x27;da man\u015fetlere ta\u015f\u0131nd\u0131.<\/p>\n<p>MARCA: &quot;&#x27;MATADOR&#x27; ASENSIO, T\u00dcRK\u0130YE&#x27;DEK\u0130 YOLCULU\u011eUNDA KURBAN ALMAYA DOYMUYOR!&quot;<\/p>\n<p>Marca gazetesinin &#x27;Matador&#x27; lakapl\u0131 oyuncunun S\u00fcper Lig&#x27;de her hafta yeni bir kurban ald\u0131\u011f\u0131 benzetmesini yapt\u0131\u011f\u0131 haberinde \u015fu ifadeler kullan\u0131ld\u0131:<\/p>\n<p>&quot;&#x27;Matador&#x27; Asensio, T\u00fcrkiye&#x27;deki yolculu\u011funda &#x27;kurban&#x27; almaya doymuyor.<\/p>\n<p>Y\u0131ld\u0131z futbolcu, Fenerbah\u00e7e&#x27;nin Gen\u00e7lerbirli\u011fi &#x27;ni 3-1 ma\u011flup etti\u011fi ma\u00e7ta \u2018Guti tarz\u0131\u2019 bir topuk pas\u0131yla yine galibiyette belirleyici isim oldu.<\/p>\n<p>\u0130spanyol orta saha oyuncusu, N&#x27;Golo Kante&#x27;nin Fenerbah\u00e7e formas\u0131yla \u00e7\u0131kt\u0131\u011f\u0131 ilk ma\u00e7ta \u015fov yapt\u0131. 11. dakikada gelen a\u00e7\u0131l\u0131\u015f gol\u00fcnde pay sahibiydi. Sonras\u0131nda bir \u015fahesere imza att\u0131; Kante&#x27;den ald\u0131\u011f\u0131 topu, s\u0131rt\u0131 kaleye d\u00f6n\u00fckken inan\u0131lmaz bir topuk pas\u0131yla Kerem Akt\u00fcrko\u011flu&#x27;na g\u00f6nderdi ve tak\u0131m\u0131n\u0131n fark\u0131 2&#x27;ye \u00e7\u0131karmas\u0131n\u0131 sa\u011flad\u0131. 31. dakikada serbest vuru\u015ftan&#8230;<\/p>\n","protected":false},"excerpt":{"rendered":"<p>Fenerbah\u00e7e&#8217;nin Gen\u00e7lerbirli\u011fi&#8217;ni 3-1 yendi\u011fi ma\u00e7ta topuk pas\u0131yla asist yapan Marco Asensio, \u00fclkesi \u0130spanya&#8217;da man\u015fetleri s\u00fcsledi.<\/p>\n","protected":false},"author":2,"featured_media":691,"comment_status":"open","ping_status":"open","sticky":false,"template":"","format":"standard","meta":{"footnotes":""},"categories":[8,5,7],"tags":[],"class_list":["post-692","post","type-post","status-publish","format-standard","has-post-thumbnail","hentry","category-arsiv","category-son-dakika","category-spor"],"_links":{"self":[{"href":"https:\/\/eskigazeteci.com\/index.php?rest_route=\/wp\/v2\/posts\/692","targetHints":{"allow":["GET"]}}],"collection":[{"href":"https:\/\/eskigazeteci.com\/index.php?rest_route=\/wp\/v2\/posts"}],"about":[{"href":"https:\/\/eskigazeteci.com\/index.php?rest_route=\/wp\/v2\/types\/post"}],"author":[{"embeddable":true,"href":"https:\/\/eskigazeteci.com\/index.php?rest_route=\/wp\/v2\/users\/2"}],"replies":[{"embeddable":true,"href":"https:\/\/eskigazeteci.com\/index.php?rest_route=%2Fwp%2Fv2%2Fcomments&post=692"}],"version-history":[{"count":0,"href":"https:\/\/eskigazeteci.com\/index.php?rest_route=\/wp\/v2\/posts\/692\/revisions"}],"wp:featuredmedia":[{"embeddable":true,"href":"https:\/\/eskigazeteci.com\/index.php?rest_route=\/wp\/v2\/media\/691"}],"wp:attachment":[{"href":"https:\/\/eskigazeteci.com\/index.php?rest_route=%2Fwp%2Fv2%2Fmedia&parent=692"}],"wp:term":[{"taxonomy":"category","embeddable":true,"href":"https:\/\/eskigazeteci.com\/index.php?rest_route=%2Fwp%2Fv2%2Fcategories&post=692"},{"taxonomy":"post_tag","embeddable":true,"href":"https:\/\/eskigazeteci.com\/index.php?rest_route=%2Fwp%2Fv2%2Ftags&post=692"}],"curies":[{"name":"wp","href":"https:\/\/api.w.org\/{rel}","templated":true}]}}