{"id":690,"date":"2026-02-10T08:46:32","date_gmt":"2026-02-10T08:46:32","guid":{"rendered":"https:\/\/eskigazeteci.com\/?p=690"},"modified":"2026-02-10T08:46:32","modified_gmt":"2026-02-10T08:46:32","slug":"2-bin-yillik-burclar-tehlike-altinda-uzmani-uyardi-titresimler-yikabilir","status":"publish","type":"post","link":"https:\/\/eskigazeteci.com\/?p=690","title":{"rendered":"2 bin y\u0131ll\u0131k bur\u00e7lar tehlike alt\u0131nda! Uzman\u0131 uyard\u0131: &#8216;Titre\u015fimler y\u0131kabilir&#8217;"},"content":{"rendered":"<p>Kentin simge yap\u0131lar\u0131ndan Saat Kulesi&#x27;nin bat\u0131s\u0131nda yer alan, Roma D\u00f6nemi&#x27;ne tarihlenen ve Sel\u00e7uklu kitabelerini de bar\u0131nd\u0131ran Antalya B\u00fcy\u00fck\u015fehir Belediyesi sorumlulu\u011fundaki tarihi bur\u00e7lar\u0131n, nostaljik tramvay hatt\u0131ndan kaynaklanan yo\u011fun titre\u015fimler nedeniyle y\u0131k\u0131lma tehlikesiyle kar\u015f\u0131 kar\u015f\u0131ya oldu\u011fu belirlendi. Son ya\u011f\u0131\u015f ve f\u0131rt\u0131nalarla birlikte riskin kritik seviyeye ta\u015f\u0131nd\u0131\u011f\u0131 bildirilirken, Gebze Teknik \u00dcniversitesi taraf\u0131ndan haz\u0131rlanan teknik raporlar yeniden g\u00fcndeme geldi.<\/p>\n<p>&#x27;TEHL\u0130KE ARTTI&#x27;<\/p>\n<p>Gebze Teknik \u00dcniversitesi \u0130n\u015faat M\u00fchendisli\u011fi B\u00f6l\u00fcm\u00fc&#x27;nden tarihi yap\u0131lar alan\u0131nda uzman Prof. Dr. Ferit \u00c7ak\u0131r&#x27;\u0131n 2023 y\u0131l\u0131nda Saat Kulesi&#x27;nin restorasyonu \u00f6ncesinde b\u00f6lgede yapt\u0131\u011f\u0131 teknik incelemeler sonras\u0131 haz\u0131rlad\u0131\u011f\u0131 raporda; Saat Kulesi ile birlikte bat\u0131s\u0131ndaki tarihi bur\u00e7 ve sur kal\u0131nt\u0131lar\u0131 ile di\u011fer yap\u0131lar\u0131n, g\u00fcnde 64 kez tramvay ge\u00e7i\u015finin olu\u015fturdu\u011fu titre\u015fimler nedeniyle y\u0131k\u0131labilece\u011fi kaydedildi. Antalya Saat Kulesi restorasyonu kapsam\u0131nda yap\u0131lan teknik \u00f6l\u00e7\u00fcm \u00e7al\u0131\u015fmalar\u0131 s\u0131ras\u0131nda ortaya \u00e7\u0131kan tehlikeyle ilgili son \u015fiddetli ya\u011fmur ve f\u0131rt\u0131na sonras\u0131nda bur\u00e7 yap\u0131s\u0131ndaki tehlikenin artt\u0131\u011f\u0131na i\u015faret edildi. &#x27;RAYLARA \u0130ZOLASYON YAPILSIN&#x27;<\/p>\n<p>Ciddi titre\u015fimler olu\u015ftu\u011funu ve bur\u00e7&#8230;<\/p>\n","protected":false},"excerpt":{"rendered":"<p>Antalya&#8217;da Roma D\u00f6nemi&#8217;ne ait Kale Kap\u0131s\u0131 bur\u00e7lar\u0131n\u0131n, g\u00fcnde 64 kez ge\u00e7en eski tip tramvaylar\u0131n olu\u015fturdu\u011fu titre\u015fimler nedeniyle \u00e7\u00f6kme riskiyle kar\u015f\u0131&#8230;<\/p>\n","protected":false},"author":2,"featured_media":689,"comment_status":"open","ping_status":"open","sticky":false,"template":"","format":"standard","meta":{"footnotes":""},"categories":[8,6,5],"tags":[],"class_list":["post-690","post","type-post","status-publish","format-standard","has-post-thumbnail","hentry","category-arsiv","category-gundem","category-son-dakika"],"_links":{"self":[{"href":"https:\/\/eskigazeteci.com\/index.php?rest_route=\/wp\/v2\/posts\/690","targetHints":{"allow":["GET"]}}],"collection":[{"href":"https:\/\/eskigazeteci.com\/index.php?rest_route=\/wp\/v2\/posts"}],"about":[{"href":"https:\/\/eskigazeteci.com\/index.php?rest_route=\/wp\/v2\/types\/post"}],"author":[{"embeddable":true,"href":"https:\/\/eskigazeteci.com\/index.php?rest_route=\/wp\/v2\/users\/2"}],"replies":[{"embeddable":true,"href":"https:\/\/eskigazeteci.com\/index.php?rest_route=%2Fwp%2Fv2%2Fcomments&post=690"}],"version-history":[{"count":0,"href":"https:\/\/eskigazeteci.com\/index.php?rest_route=\/wp\/v2\/posts\/690\/revisions"}],"wp:featuredmedia":[{"embeddable":true,"href":"https:\/\/eskigazeteci.com\/index.php?rest_route=\/wp\/v2\/media\/689"}],"wp:attachment":[{"href":"https:\/\/eskigazeteci.com\/index.php?rest_route=%2Fwp%2Fv2%2Fmedia&parent=690"}],"wp:term":[{"taxonomy":"category","embeddable":true,"href":"https:\/\/eskigazeteci.com\/index.php?rest_route=%2Fwp%2Fv2%2Fcategories&post=690"},{"taxonomy":"post_tag","embeddable":true,"href":"https:\/\/eskigazeteci.com\/index.php?rest_route=%2Fwp%2Fv2%2Ftags&post=690"}],"curies":[{"name":"wp","href":"https:\/\/api.w.org\/{rel}","templated":true}]}}