{"id":688,"date":"2026-02-10T08:44:59","date_gmt":"2026-02-10T08:44:59","guid":{"rendered":"https:\/\/eskigazeteci.com\/?p=688"},"modified":"2026-02-10T08:44:59","modified_gmt":"2026-02-10T08:44:59","slug":"skriniar-trabzon-macinda-oynayacak-mi","status":"publish","type":"post","link":"https:\/\/eskigazeteci.com\/?p=688","title":{"rendered":"Skriniar Trabzon ma\u00e7\u0131nda oynayacak m\u0131?"},"content":{"rendered":"<p>Trabzonspor deplasman\u0131nda savunma kurgusunu \u0160kriniar \u00fczerine kurmay\u0131 planlayan teknik heyet, oyuncunun fiziksel durumundan olduk\u00e7a memnun. Antrenmanlardaki h\u0131rsl\u0131 g\u00f6r\u00fcnt\u00fcs\u00fcyle dikkat \u00e7eken Slovak oyuncunun, derbi ma\u00e7ta ilk 11&#x27;de yer al\u0131p almayaca\u011f\u0131 merak ediliyor. Peki, Skriniar Trabzon ma\u00e7\u0131nda oynayacak m\u0131? \u0130\u015fte, o detaylar<\/p>\n<p>Fenerbah\u00e7e&#x27;nin vazge\u00e7ilmez savunma oyuncusu Milan \u0160kriniar, ald\u0131\u011f\u0131 2 ma\u00e7l\u0131k cezan\u0131n ard\u0131ndan formas\u0131na kavu\u015fuyor. Slovak y\u0131ld\u0131z\u0131n, 14 \u015eubat&#x27;ta oynanacak kritik Trabzonspor deplasman\u0131nda sahada olmas\u0131 bekleniyor.<\/p>\n<p>Kocaelispor ma\u00e7\u0131n\u0131n ard\u0131ndan ya\u015fanan olaylar nedeniyle PFDK&#x27;ya sevk edilen ve 2 ma\u00e7 ceza alan tecr\u00fcbeli stoper, bu s\u00fcre\u00e7te tak\u0131m\u0131n\u0131n Ziraat T\u00fcrkiye Kupas\u0131 ve ligdeki son m\u00fccadelesinde forma giyememi\u015fti. Savunma hatt\u0131nda \u00f6nemli bir eksiklik ya\u015fayan teknik direkt\u00f6r Domenico Tedesco&#x27;nun, \u0160kriniar&#x27;\u0131n d\u00f6n\u00fc\u015f\u00fcyle birlikte rahat bir nefes ald\u0131\u011f\u0131 belirtiliyor.<\/p>\n<p>Kocaelispor ma\u00e7\u0131n\u0131n ard\u0131ndan ya\u015fanan olaylar nedeniyle PFDK&#x27;ya sevk edilen ve 2 ma\u00e7 ceza alan tecr\u00fcbeli stoper, bu s\u00fcre\u00e7te tak\u0131m\u0131n\u0131n Ziraat T\u00fcrkiye Kupas\u0131 ve ligdeki son m\u00fccadelesinde forma giyememi\u015fti. Savunma hatt\u0131nda \u00f6nemli bir eksiklik ya\u015fayan teknik direkt\u00f6r Domenico Tedesco&#x27;nun, \u0160kriniar&#x27;\u0131n&#8230;<\/p>\n","protected":false},"excerpt":{"rendered":"<p>S\u00fcper Lig&#8217;in zirve yar\u0131\u015f\u0131n\u0131 yak\u0131ndan ilgilendiren Trabzonspor &#8211; Fenerbah\u00e7e derbisi \u00f6ncesinde sar\u0131-lacivertli camiaya m\u00fcjdeli haber geldi. Profesyonel Futbol&#8230;<\/p>\n","protected":false},"author":2,"featured_media":687,"comment_status":"open","ping_status":"open","sticky":false,"template":"","format":"standard","meta":{"footnotes":""},"categories":[8,5,7],"tags":[],"class_list":["post-688","post","type-post","status-publish","format-standard","has-post-thumbnail","hentry","category-arsiv","category-son-dakika","category-spor"],"_links":{"self":[{"href":"https:\/\/eskigazeteci.com\/index.php?rest_route=\/wp\/v2\/posts\/688","targetHints":{"allow":["GET"]}}],"collection":[{"href":"https:\/\/eskigazeteci.com\/index.php?rest_route=\/wp\/v2\/posts"}],"about":[{"href":"https:\/\/eskigazeteci.com\/index.php?rest_route=\/wp\/v2\/types\/post"}],"author":[{"embeddable":true,"href":"https:\/\/eskigazeteci.com\/index.php?rest_route=\/wp\/v2\/users\/2"}],"replies":[{"embeddable":true,"href":"https:\/\/eskigazeteci.com\/index.php?rest_route=%2Fwp%2Fv2%2Fcomments&post=688"}],"version-history":[{"count":0,"href":"https:\/\/eskigazeteci.com\/index.php?rest_route=\/wp\/v2\/posts\/688\/revisions"}],"wp:featuredmedia":[{"embeddable":true,"href":"https:\/\/eskigazeteci.com\/index.php?rest_route=\/wp\/v2\/media\/687"}],"wp:attachment":[{"href":"https:\/\/eskigazeteci.com\/index.php?rest_route=%2Fwp%2Fv2%2Fmedia&parent=688"}],"wp:term":[{"taxonomy":"category","embeddable":true,"href":"https:\/\/eskigazeteci.com\/index.php?rest_route=%2Fwp%2Fv2%2Fcategories&post=688"},{"taxonomy":"post_tag","embeddable":true,"href":"https:\/\/eskigazeteci.com\/index.php?rest_route=%2Fwp%2Fv2%2Ftags&post=688"}],"curies":[{"name":"wp","href":"https:\/\/api.w.org\/{rel}","templated":true}]}}