{"id":686,"date":"2026-02-10T08:31:47","date_gmt":"2026-02-10T08:31:47","guid":{"rendered":"https:\/\/eskigazeteci.com\/?p=686"},"modified":"2026-02-10T08:31:47","modified_gmt":"2026-02-10T08:31:47","slug":"beyoglunda-yasandi","status":"publish","type":"post","link":"https:\/\/eskigazeteci.com\/?p=686","title":{"rendered":"Beyo\u011flu&#8217;nda ya\u015fand\u0131"},"content":{"rendered":"<p>Olay, 8 \u015eubat saat 00.00 s\u0131ralar\u0131nda S\u00fctl\u00fcce Mahallesi&#x27;nde meydana geldi. \u00c7i\u011f k\u00f6fteciye gelen bir ki\u015fi, arac\u0131n\u0131n \u00e7ekildi\u011fini ve yolda kald\u0131\u011f\u0131n\u0131 s\u00f6yleyerek i\u015f yeri sahibinden para istedi.<\/p>\n<p>\u00c7i\u011f k\u00f6fte firmas\u0131n\u0131n sahibi ve sanal medya \u00fcnl\u00fcs\u00fc Mahmut \u00d6zacar &#x27;\u0131n da ad\u0131n\u0131 veren ki\u015fi, i\u015f yeri sahibi K\u00f6ksal G\u00fcrsoy&#x27;un g\u00fcvenini kazand\u0131. G\u00fcrsoy&#x27;un verdi\u011fi bin liray\u0131 alan \u015f\u00fcpheli kay\u0131plara kar\u0131\u015ft\u0131. Olay\u0131n \u00fczerinden g\u00fcnler ge\u00e7mesine ra\u011fmen \u015f\u00fcpheli i\u015f yerine gelerek paray\u0131 iade etmedi.<\/p>\n<p>&#x27;B\u0130N L\u0130RA VERD\u0130M, \u201c\u0130Y\u0130 AK\u015eAMLAR&quot; DED\u0130 G\u0130TT\u0130&#x27;<\/p>\n<p>\u0130\u015f yeri sahibi K\u00f6ksal G\u00fcrsoy, \u201cCumartesi ak\u015fam\u0131 bir vatanda\u015f geldi. &#x27;\u00c7i\u011f k\u00f6ftenin sahibi Mahmut abi tan\u0131yor musun?&#x27; dedi. &#x27;Tan\u0131yoruz&#x27; dedim. &#x27;Yolda kald\u0131m. Telefonum ve c\u00fczdan\u0131m arabam\u0131n i\u00e7indeydi. Arabam \u00e7ekiciyle yediemin otopark\u0131na g\u00f6t\u00fcr\u00fcld\u00fc. Bana bin lira laz\u0131m&#x27; dedi.<\/p>\n<p>Mahmut&#x27;un ad\u0131n\u0131 verince akan sular durdu. Mahmut abi bizim i\u00e7in de\u011ferli bir insan. Teredd\u00fcts\u00fcz paray\u0131 verdik. Me\u011ferse doland\u0131r\u0131c\u0131ym\u0131\u015f. Bin liray\u0131 ald\u0131, &#x27;\u0130yi ak\u015famlar&#x27; deyip gitti. &#x27;1 saat i\u00e7inde getirece\u011fim&#x27; dedi ama 3 g\u00fcn oldu gelmedi.<\/p>\n<p>\u00c7evreden duydu\u011fumuza g\u00f6re doland\u0131r\u0131c\u0131ym\u0131\u015f. \u015eik\u00e2yet\u00e7i olmak istiyorum. \u0130lk defa b\u00f6yle bir \u015fey ba\u015f\u0131m\u0131za geliyor. Bin lira \u00f6nemli de\u011fil ama iyi niyetin k\u00f6t\u00fcye kullan\u0131lmas\u0131 \u00e7ok \u00fcz\u00fcc\u00fc. Buraya \u00e7oluk \u00e7ocuk geliyor, bir d\u00fcr\u00fcm istiyor veriyoruz. S\u0131k\u0131nt\u0131 de\u011fil ama b\u00f6yle d\u00fczg\u00fcn g\u00f6r\u00fcn\u00fcml\u00fc bir insan\u0131n bunu yapmas\u0131 insan\u0131 ger\u00e7ekten \u015fa\u015f\u0131rt\u0131yor&quot; dedi.<\/p>\n<p>&#x27;ACI B\u0130R TECR\u00dcBE OLDU&#x27;<\/p>\n<p>\u0130\u015f yeri sahibinin o\u011flu G\u00fcrkan G\u00fcrsoy ise, \u201cCumartesi gece saat 00.00 s\u0131ralar\u0131nda bir ki\u015fi i\u00e7eri girdi. Firmam\u0131z\u0131n y\u00f6neticilerinden Mahmut Bey&#x27;in ad\u0131n\u0131 vererek yolda kald\u0131\u011f\u0131n\u0131, arac\u0131n\u0131n \u00e7ekici taraf\u0131ndan g\u00f6t\u00fcr\u00fcld\u00fc\u011f\u00fcn\u00fc ve telefonuyla c\u00fczdan\u0131n\u0131n ara\u00e7ta kald\u0131\u011f\u0131n\u0131 s\u00f6yledi. Bir miktar para istedi. Biz de geri \u00e7evirmedik, verdik. 1-2 saat i\u00e7inde iade edece\u011fini s\u00f6yledi ancak o g\u00fcnden bu yana ne arad\u0131 ne sordu. Biz de ba\u015fkalar\u0131 ayn\u0131 duruma d\u00fc\u015fmesin diye bunu payla\u015ft\u0131k. \u0130lk kez ba\u015f\u0131m\u0131za geldi. Ac\u0131 bir tecr\u00fcbe oldu. Eyl\u00fcl ay\u0131ndan beri faaliyetteyiz. \u0130nternette &#x27;\u00c7i\u011f K\u00f6fteci Mahmut&#x27; olarak bilinen Mahmut&#8230;<\/p>\n","protected":false},"excerpt":{"rendered":"<p>Beyo\u011flu&#8217;nda \u00e7i\u011f k\u00f6fteciye gelen ki\u015fi, arac\u0131n\u0131n \u00e7ekildi\u011fini ve yolda kald\u0131\u011f\u0131n\u0131 s\u00f6yleyerek i\u015f yeri sahibi K\u00f6ksal G\u00fcrsoy&#8217;dan para istedi. \u00c7i\u011f k\u00f6fte firmas\u0131n\u0131n&#8230;<\/p>\n","protected":false},"author":2,"featured_media":685,"comment_status":"open","ping_status":"open","sticky":false,"template":"","format":"standard","meta":{"footnotes":""},"categories":[8,6,5],"tags":[],"class_list":["post-686","post","type-post","status-publish","format-standard","has-post-thumbnail","hentry","category-arsiv","category-gundem","category-son-dakika"],"_links":{"self":[{"href":"https:\/\/eskigazeteci.com\/index.php?rest_route=\/wp\/v2\/posts\/686","targetHints":{"allow":["GET"]}}],"collection":[{"href":"https:\/\/eskigazeteci.com\/index.php?rest_route=\/wp\/v2\/posts"}],"about":[{"href":"https:\/\/eskigazeteci.com\/index.php?rest_route=\/wp\/v2\/types\/post"}],"author":[{"embeddable":true,"href":"https:\/\/eskigazeteci.com\/index.php?rest_route=\/wp\/v2\/users\/2"}],"replies":[{"embeddable":true,"href":"https:\/\/eskigazeteci.com\/index.php?rest_route=%2Fwp%2Fv2%2Fcomments&post=686"}],"version-history":[{"count":0,"href":"https:\/\/eskigazeteci.com\/index.php?rest_route=\/wp\/v2\/posts\/686\/revisions"}],"wp:featuredmedia":[{"embeddable":true,"href":"https:\/\/eskigazeteci.com\/index.php?rest_route=\/wp\/v2\/media\/685"}],"wp:attachment":[{"href":"https:\/\/eskigazeteci.com\/index.php?rest_route=%2Fwp%2Fv2%2Fmedia&parent=686"}],"wp:term":[{"taxonomy":"category","embeddable":true,"href":"https:\/\/eskigazeteci.com\/index.php?rest_route=%2Fwp%2Fv2%2Fcategories&post=686"},{"taxonomy":"post_tag","embeddable":true,"href":"https:\/\/eskigazeteci.com\/index.php?rest_route=%2Fwp%2Fv2%2Ftags&post=686"}],"curies":[{"name":"wp","href":"https:\/\/api.w.org\/{rel}","templated":true}]}}