{"id":682,"date":"2026-02-10T08:24:24","date_gmt":"2026-02-10T08:24:24","guid":{"rendered":"https:\/\/eskigazeteci.com\/?p=682"},"modified":"2026-02-10T08:24:24","modified_gmt":"2026-02-10T08:24:24","slug":"cumhurbaskani-erdogan-yunanistan-basbakani-micotakisi-agirlayacak-yunan-tarafinin-beklentileri-neler","status":"publish","type":"post","link":"https:\/\/eskigazeteci.com\/?p=682","title":{"rendered":"Cumhurba\u015fkan\u0131 Erdo\u011fan, Yunanistan Ba\u015fbakan\u0131 Mi\u00e7otakis&#8217;i a\u011f\u0131rlayacak: Yunan taraf\u0131n\u0131n beklentileri neler?"},"content":{"rendered":"<p>Cumhurba\u015fkan\u0131 Recep Tayyip Erdo\u011fan, yar\u0131n resmi bir ziyaret i\u00e7in gelen Yunanistan Ba\u015fbakan\u0131 Kiryakos Mi\u00e7otakis&#x27;i Cumhurba\u015fkanl\u0131\u011f\u0131 K\u00fclliyesi&#x27;nde a\u011f\u0131rlayacak. G\u00f6r\u00fc\u015fmede ikili ili\u015fkilerin ve uluslararas\u0131 geli\u015fmelerin ele al\u0131nmas\u0131 bekleniyor.<\/p>\n<p>D\u0131\u015fi\u015fleri Bakan\u0131 Hakan Fidan, bu g\u00f6r\u00fc\u015fmeyi Ege sorununa kal\u0131c\u0131 \u00e7\u00f6z\u00fcm i\u00e7in tarihi bir f\u0131rsat olarak nitelendirdi. Yunan yetkililer, g\u00f6r\u00fc\u015fmenin \u00f6zellikle ileti\u015fim kanallar\u0131n\u0131n a\u00e7\u0131k tutulmas\u0131 a\u00e7\u0131s\u0131ndan \u00f6nem ta\u015f\u0131d\u0131\u011f\u0131 g\u00f6r\u00fc\u015f\u00fcn\u00fc dile getirdi. Atina y\u00f6netimi , Ege ve Do\u011fu Akdeniz&#x27;deki gerilime ra\u011fmen diyalo\u011fun korunmas\u0131n\u0131 \u00f6ncelikli bir hedef olarak tan\u0131mlad\u0131.<\/p>\n<p>CNN Yunanistan&#x27;\u0131n haberine g\u00f6re, Yunan taraf\u0131 g\u00f6r\u00fc\u015fmelerde Ege&#x27;deki g\u00f6\u00e7 sorununa ili\u015fkin i\u015fbirli\u011fini i\u00e7eren baz\u0131 anla\u015fmalar yapmak istiyor. Ankara ve Atina aras\u0131ndaki temaslar\u0131n, teknik d\u00fczeyde y\u00fcr\u00fct\u00fclen s\u00fcre\u00e7lerle desteklenmesi planlan\u0131yor. Yunan kaynaklar, g\u00f6r\u00fc\u015fmelerin yap\u0131c\u0131 bir \u00e7er\u00e7evede s\u00fcrd\u00fcr\u00fclmesinin ama\u00e7land\u0131\u011f\u0131n\u0131 belirtti.<\/p>\n<p>YUNAN\u0130STAN&#x27;IN T\u00dcRK\u0130YE AJANDASI<\/p>\n<p>Cumhurba\u015fkan\u0131 Erdo\u011fan ve Mi\u00e7otakis&#x27;in g\u00fcndemi hem ikili hem de b\u00f6lgesel konularla olduk\u00e7a yo\u011fun. Taraflar\u0131n Orta Do\u011fu&#x27;daki son geli\u015fmeleri, \u0130ran, Suriye ve Ukrayna gibi uluslararas\u0131 meseleleri g\u00f6r\u00fc\u015fmesi planlan\u0131yor. Yunan taraf\u0131, T\u00fcrkiye&#x27;nin \u0130srail konusundaki pozisyonunu da masaya getirmeye haz\u0131rlan\u0131yor.<\/p>\n<p>Mi\u00e7otakis&#x27;in, T\u00fcrkiye&#x27;nin NAVTEX ilan\u0131n\u0131 da g\u00f6r\u00fc\u015fmede ele almak istedi\u011fi belirtildi.<\/p>\n<p>D\u0131\u015fi\u015fleri Bakan\u0131 Hakan Fidan, CNN T\u00fcrk&#x27;e a\u00e7\u0131klamalarda bulunarak, hem Mi\u00e7otakis&#x27;in hem de D\u0131\u015fi\u015fleri Bakan\u0131 Giorgos Gerapetritis&#x27;in sorunu \u00e7\u00f6zme, yetene\u011fine sahip olduklar\u0131na inand\u0131\u011f\u0131n\u0131 ifade etti. Fidan, Yunanistan&#x27;daki i\u00e7 siyasi ortam\u0131n bu t\u00fcr stratejik sorunlar\u0131n \u00e7\u00f6z\u00fcm\u00fcne elveri\u015fli bir ortam yaratmad\u0131\u011f\u0131n\u0131 da s\u00f6zlerine ekledi.<\/p>\n<p>T\u00fcrkiye, Ege&#x27;de adalar\u0131n silahland\u0131r\u0131lmas\u0131, hava sahas\u0131 ve k\u0131ta sahanl\u0131\u011f\u0131 sorunlar\u0131n\u0131n \u00e7\u00f6z\u00fclmesini isterken, Yunan taraf\u0131 karasular\u0131n\u0131 geni\u015fletmeyi ama\u00e7l\u0131yor. Atina&#x27;n\u0131n, Ankara\u2019n\u0131n deniz b\u00f6lgelerinin s\u0131n\u0131rland\u0131r\u0131lmas\u0131 konusunu g\u00fcndeme getirip getirmeyece\u011fini yak\u0131ndan izledi\u011fi belirtildi. Yunan bas\u0131n\u0131nda yer alan&#8230;<\/p>\n","protected":false},"excerpt":{"rendered":"<p>Cumhurba\u015fkan\u0131 Recep Tayyip Erdo\u011fan ile Yunanistan Ba\u015fbakan\u0131 Kiryakos Mi\u00e7otakis, yar\u0131n Ankara&#8217;da bir araya geliyor. Yunan bas\u0131n\u0131, ikili ili\u015fkiler ve b\u00f6lgesel&#8230;<\/p>\n","protected":false},"author":2,"featured_media":681,"comment_status":"open","ping_status":"open","sticky":false,"template":"","format":"standard","meta":{"footnotes":""},"categories":[8,6,5],"tags":[],"class_list":["post-682","post","type-post","status-publish","format-standard","has-post-thumbnail","hentry","category-arsiv","category-gundem","category-son-dakika"],"_links":{"self":[{"href":"https:\/\/eskigazeteci.com\/index.php?rest_route=\/wp\/v2\/posts\/682","targetHints":{"allow":["GET"]}}],"collection":[{"href":"https:\/\/eskigazeteci.com\/index.php?rest_route=\/wp\/v2\/posts"}],"about":[{"href":"https:\/\/eskigazeteci.com\/index.php?rest_route=\/wp\/v2\/types\/post"}],"author":[{"embeddable":true,"href":"https:\/\/eskigazeteci.com\/index.php?rest_route=\/wp\/v2\/users\/2"}],"replies":[{"embeddable":true,"href":"https:\/\/eskigazeteci.com\/index.php?rest_route=%2Fwp%2Fv2%2Fcomments&post=682"}],"version-history":[{"count":0,"href":"https:\/\/eskigazeteci.com\/index.php?rest_route=\/wp\/v2\/posts\/682\/revisions"}],"wp:featuredmedia":[{"embeddable":true,"href":"https:\/\/eskigazeteci.com\/index.php?rest_route=\/wp\/v2\/media\/681"}],"wp:attachment":[{"href":"https:\/\/eskigazeteci.com\/index.php?rest_route=%2Fwp%2Fv2%2Fmedia&parent=682"}],"wp:term":[{"taxonomy":"category","embeddable":true,"href":"https:\/\/eskigazeteci.com\/index.php?rest_route=%2Fwp%2Fv2%2Fcategories&post=682"},{"taxonomy":"post_tag","embeddable":true,"href":"https:\/\/eskigazeteci.com\/index.php?rest_route=%2Fwp%2Fv2%2Ftags&post=682"}],"curies":[{"name":"wp","href":"https:\/\/api.w.org\/{rel}","templated":true}]}}