{"id":68,"date":"2026-02-06T10:32:03","date_gmt":"2026-02-06T10:32:03","guid":{"rendered":"https:\/\/eskigazeteci.com\/?p=68"},"modified":"2026-02-06T10:32:03","modified_gmt":"2026-02-06T10:32:03","slug":"haber-10","status":"publish","type":"post","link":"https:\/\/eskigazeteci.com\/?p=68","title":{"rendered":"Haber"},"content":{"rendered":"<p>6 \u015eubat 2023&#x27;te meydana gelen Kahramanmara\u015f merkezli depremlerde Hatay&#x27;da binlerce bina yerle bir olurken, \u00c7evre, \u015eehircilik ve \u0130klim De\u011fi\u015fikli\u011fi Bakanl\u0131\u011f\u0131 vatanda\u015flar\u0131n s\u0131cak yuvalar\u0131na kavu\u015fmas\u0131 i\u00e7in \u00e7al\u0131\u015fma ba\u015flam\u0131\u015ft\u0131.<\/p>\n<p>Gece-g\u00fcnd\u00fcz s\u00fcrd\u00fcr\u00fclen \u00e7al\u0131\u015fmalarla Hatay&#x27;da 194 bin ba\u011f\u0131ms\u0131z b\u00f6l\u00fcm\u00fcn hak sahibi belirlendi. Depreme \u0130skenderun il\u00e7esinde yakalanan ve asr\u0131n felaketinde evi y\u0131k\u0131lan Leman G\u00f6zer, s\u0131cak yuvas\u0131na kavu\u015fman\u0131n mutlulu\u011funu ya\u015f\u0131yor. &quot;B\u0130R SENE SONRA EV\u0130M\u0130Z TESL\u0130M ED\u0130LD\u0130&quot;<\/p>\n<p>Depremde ya\u015fad\u0131klar\u0131n\u0131 hat\u0131rlamak istemeyen 60 ya\u015f\u0131ndaki Leman G\u00f6zer, Cumhurba\u015fkan\u0131 Recep Tayyip Erdo\u011fan&#x27;a te\u015fekk\u00fcr ederek, &quot;Ac\u0131m\u0131z \u00e7ok b\u00fcy\u00fckt\u00fc, yak\u0131nlar\u0131m\u0131z\u0131 kaybettik. Yani o g\u00fcnler geri gelmesin, \u00e7ok \u00fczg\u00fcn\u00fcm, \u00e7ok yorulduk. O\u011flum ve evlatlar\u0131yla birlikte sokaklarda kald\u0131k. Bir sene sonra evimiz teslim edildi. Allah raz\u0131 olsun Cumhurba\u015fkan\u0131&#x27;ndan bize ev verdi. Evimiz \u00e7ok g\u00fczel, d\u00f6k\u00fclmesi yok. Sorun ve s\u0131k\u0131nt\u0131s\u0131 yok. Evimizi seviyoruz, iyi ki vermi\u015fler yuvam\u0131z\u0131. Yetkililere ve \u00e7al\u0131\u015fanlara te\u015fekk\u00fcr ederim. Hepsinden Allah raz\u0131 olsun. Evimiz \u00e7ok g\u00fczel, e\u015fime ve bana yetiyor&quot; dedi.<\/p>\n<p>T\u00fcrkiye g\u00fcndeminden son dakika haberleri, bug\u00fcn ya\u015fanan en son geli\u015fmeler, siyaset g\u00fcndeminden g\u00fcncel haberler ve b\u00fct\u00fcn son dakika haberleri i\u00e7in H\u00fcrriyet&#x27;in internet haber sitesi hurriyet.com.tr; Hurriyet.com.tr haber i\u00e7erikleri kaynak g\u00f6sterilmeden al\u0131nt\u0131 yap\u0131lamaz, Kanuna ayk\u0131r\u0131 ve izinsiz olarak kopyalanamaz, ba\u015fka yerde yay\u0131nlanamaz.<\/p>\n","protected":false},"excerpt":{"rendered":"<p>Hatay&#8217;da depreme \u0130skenderun il\u00e7esinde yakalanan ve asr\u0131n felaketinde evi y\u0131k\u0131lan Leman G\u00f6zer, s\u0131cak yuvas\u0131na kavu\u015fman\u0131n mutlulu\u011funu ya\u015f\u0131yor. Cumhurba\u015fkan\u0131&#8230;<\/p>\n","protected":false},"author":2,"featured_media":67,"comment_status":"open","ping_status":"open","sticky":false,"template":"","format":"standard","meta":{"footnotes":""},"categories":[8,3],"tags":[],"class_list":["post-68","post","type-post","status-publish","format-standard","has-post-thumbnail","hentry","category-arsiv","category-siyaset"],"_links":{"self":[{"href":"https:\/\/eskigazeteci.com\/index.php?rest_route=\/wp\/v2\/posts\/68","targetHints":{"allow":["GET"]}}],"collection":[{"href":"https:\/\/eskigazeteci.com\/index.php?rest_route=\/wp\/v2\/posts"}],"about":[{"href":"https:\/\/eskigazeteci.com\/index.php?rest_route=\/wp\/v2\/types\/post"}],"author":[{"embeddable":true,"href":"https:\/\/eskigazeteci.com\/index.php?rest_route=\/wp\/v2\/users\/2"}],"replies":[{"embeddable":true,"href":"https:\/\/eskigazeteci.com\/index.php?rest_route=%2Fwp%2Fv2%2Fcomments&post=68"}],"version-history":[{"count":0,"href":"https:\/\/eskigazeteci.com\/index.php?rest_route=\/wp\/v2\/posts\/68\/revisions"}],"wp:featuredmedia":[{"embeddable":true,"href":"https:\/\/eskigazeteci.com\/index.php?rest_route=\/wp\/v2\/media\/67"}],"wp:attachment":[{"href":"https:\/\/eskigazeteci.com\/index.php?rest_route=%2Fwp%2Fv2%2Fmedia&parent=68"}],"wp:term":[{"taxonomy":"category","embeddable":true,"href":"https:\/\/eskigazeteci.com\/index.php?rest_route=%2Fwp%2Fv2%2Fcategories&post=68"},{"taxonomy":"post_tag","embeddable":true,"href":"https:\/\/eskigazeteci.com\/index.php?rest_route=%2Fwp%2Fv2%2Ftags&post=68"}],"curies":[{"name":"wp","href":"https:\/\/api.w.org\/{rel}","templated":true}]}}