{"id":678,"date":"2026-02-10T08:14:24","date_gmt":"2026-02-10T08:14:24","guid":{"rendered":"https:\/\/eskigazeteci.com\/?p=678"},"modified":"2026-02-10T08:14:24","modified_gmt":"2026-02-10T08:14:24","slug":"turistin-dusen-paralarini-esnaf-topladi-tesekkur-bile-etmedi-sacini-tarayip-gitti","status":"publish","type":"post","link":"https:\/\/eskigazeteci.com\/?p=678","title":{"rendered":"Turistin d\u00fc\u015fen paralar\u0131n\u0131 esnaf toplad\u0131&#8230; &#8216;Te\u015fekk\u00fcr bile etmedi, sa\u00e7\u0131n\u0131 taray\u0131p gitti&#8217;"},"content":{"rendered":"<p>Olay, d\u00fcn saat 23.15 s\u0131ralar\u0131nda Taksim\u2019de meydana geldi. Edinilen bilgiye g\u00f6re, ak\u015fam saatlerinde sokakta y\u00fcr\u00fcyen ve turist oldu\u011fu \u00f6\u011frenilen kad\u0131n\u0131n \u00e7antas\u0131ndan paralar yere d\u00fc\u015ft\u00fc. R\u00fczgar\u0131n da etkisiyle etrafa sa\u00e7\u0131lan paralar\u0131 g\u00f6ren esnaf toplamaya ba\u015flad\u0131. Uyar\u0131 \u00fczerine geri d\u00f6nen kad\u0131n, esnaf\u0131n yard\u0131m\u0131yla yakla\u015f\u0131k 10 bin liras\u0131n\u0131 teslim ald\u0131. Son olarak esnaftan yere d\u00fc\u015fen tara\u011f\u0131n\u0131 da alan kad\u0131n, sa\u00e7\u0131n\u0131 tarayarak uzakla\u015ft\u0131. Ya\u015fananlar g\u00fcvenlik kameras\u0131na saniye saniye yans\u0131d\u0131.<\/p>\n<p>&quot;TE\u015eEKK\u00dcR B\u0130LE ETMED\u0130&quot;<\/p>\n<p>Olayla ilgili konu\u015fan i\u015f yeri \u00e7al\u0131\u015fan\u0131 Murat Can, \u201cAk\u015fam saat 23.00 s\u0131ralar\u0131nda biz mekanda \u00e7al\u0131\u015f\u0131yorduk, kap\u0131da duruyorduk. O s\u0131rada yabanc\u0131 uyruklu bir kad\u0131n yoldan ge\u00e7erken \u00e7antas\u0131ndan paralar etrafa sa\u00e7\u0131ld\u0131. Biz de esnaf olarak paralar\u0131 toplay\u0131p kendisine verdik. Kad\u0131n bize bir te\u015fekk\u00fcr bile etmedi. En son tara\u011f\u0131n\u0131 da bizden ald\u0131. Sonra sa\u00e7\u0131n\u0131 taray\u0131p gitti&quot; dedi.<\/p>\n<p>T\u00fcrkiye g\u00fcndeminden son dakika haberleri, bug\u00fcn ya\u015fanan en son geli\u015fmeler, siyaset g\u00fcndeminden g\u00fcncel haberler ve b\u00fct\u00fcn son dakika haberleri i\u00e7in H\u00fcrriyet&#x27;in internet haber sitesi hurriyet.com.tr; Hurriyet.com.tr haber i\u00e7erikleri kaynak g\u00f6sterilmeden al\u0131nt\u0131 yap\u0131lamaz, Kanuna ayk\u0131r\u0131 ve izinsiz olarak kopyalanamaz, ba\u015fka yerde yay\u0131nlanamaz.<\/p>\n","protected":false},"excerpt":{"rendered":"<p>\u0130stanbul Beyo\u011flu\u2019nda yolda y\u00fcr\u00fcyen kad\u0131n turistin \u00e7antas\u0131ndan d\u00fc\u015ferek yere sa\u00e7\u0131lan paralar\u0131 sokaktaki esnaf toplad\u0131. Yakla\u015f\u0131k 10 bin lira ile yere d\u00fc\u015fen&#8230;<\/p>\n","protected":false},"author":2,"featured_media":677,"comment_status":"open","ping_status":"open","sticky":false,"template":"","format":"standard","meta":{"footnotes":""},"categories":[8,6,5],"tags":[],"class_list":["post-678","post","type-post","status-publish","format-standard","has-post-thumbnail","hentry","category-arsiv","category-gundem","category-son-dakika"],"_links":{"self":[{"href":"https:\/\/eskigazeteci.com\/index.php?rest_route=\/wp\/v2\/posts\/678","targetHints":{"allow":["GET"]}}],"collection":[{"href":"https:\/\/eskigazeteci.com\/index.php?rest_route=\/wp\/v2\/posts"}],"about":[{"href":"https:\/\/eskigazeteci.com\/index.php?rest_route=\/wp\/v2\/types\/post"}],"author":[{"embeddable":true,"href":"https:\/\/eskigazeteci.com\/index.php?rest_route=\/wp\/v2\/users\/2"}],"replies":[{"embeddable":true,"href":"https:\/\/eskigazeteci.com\/index.php?rest_route=%2Fwp%2Fv2%2Fcomments&post=678"}],"version-history":[{"count":0,"href":"https:\/\/eskigazeteci.com\/index.php?rest_route=\/wp\/v2\/posts\/678\/revisions"}],"wp:featuredmedia":[{"embeddable":true,"href":"https:\/\/eskigazeteci.com\/index.php?rest_route=\/wp\/v2\/media\/677"}],"wp:attachment":[{"href":"https:\/\/eskigazeteci.com\/index.php?rest_route=%2Fwp%2Fv2%2Fmedia&parent=678"}],"wp:term":[{"taxonomy":"category","embeddable":true,"href":"https:\/\/eskigazeteci.com\/index.php?rest_route=%2Fwp%2Fv2%2Fcategories&post=678"},{"taxonomy":"post_tag","embeddable":true,"href":"https:\/\/eskigazeteci.com\/index.php?rest_route=%2Fwp%2Fv2%2Ftags&post=678"}],"curies":[{"name":"wp","href":"https:\/\/api.w.org\/{rel}","templated":true}]}}