{"id":670,"date":"2026-02-10T07:54:24","date_gmt":"2026-02-10T07:54:24","guid":{"rendered":"https:\/\/eskigazeteci.com\/?p=670"},"modified":"2026-02-10T07:54:24","modified_gmt":"2026-02-10T07:54:24","slug":"kucukcekmece-adliyesinde-hakime-saldirmaya-calisan-avukat-gozaltina-alindi","status":"publish","type":"post","link":"https:\/\/eskigazeteci.com\/?p=670","title":{"rendered":"K\u00fc\u00e7\u00fck\u00e7ekmece Adliyesi&#8217;nde hakime sald\u0131rmaya \u00e7al\u0131\u015fan avukat g\u00f6zalt\u0131na al\u0131nd\u0131"},"content":{"rendered":"<p>K\u00fc\u00e7\u00fck\u00e7ekmece Cumhuriyet Ba\u015fsavc\u0131l\u0131\u011f\u0131 taraf\u0131ndan yap\u0131lan a\u00e7\u0131klamaya g\u00f6re, d\u00fcn K\u00fc\u00e7\u00fck\u00e7ekmece Adliyesi Asliye Hukuk Mahkemesi kaleminde, \u0130stanbul Barosu\u2019na kay\u0131tl\u0131 oldu\u011fu sonradan anla\u015f\u0131lan avukat P.S. ile g\u00f6revli hakim aras\u0131nda tart\u0131\u015fma ya\u015fand\u0131. Avukat\u0131n, dosyas\u0131yla ilgili olarak yapt\u0131\u011f\u0131 konu\u015fmalar\u0131n hukuka uygun olmad\u0131\u011f\u0131n\u0131n s\u00f6ylenmesi \u00fczerine tart\u0131\u015fman\u0131n b\u00fcy\u00fcd\u00fc\u011f\u00fc belirtildi.<\/p>\n<p>G\u00d6ZALTINA ALINDI<\/p>\n<p>A\u00e7\u0131klamada, hakimin tart\u0131\u015fman\u0131n b\u00fcy\u00fcmemesi amac\u0131yla avukat\u0131n d\u0131\u015far\u0131 \u00e7\u0131kmas\u0131n\u0131 istedi\u011fi, ancak avukat\u0131n agresif tav\u0131rlar\u0131n\u0131 s\u00fcrd\u00fcrd\u00fc\u011f\u00fc, Yaz\u0131 \u0130\u015fleri M\u00fcd\u00fcr\u00fc\u2019n\u00fcn masas\u0131na yumrukla vurdu\u011fu ve polis \u00e7a\u011fr\u0131lmas\u0131na ra\u011fmen \u00f6fkeli davran\u0131\u015flar\u0131na devam etti\u011fi kaydedildi.<\/p>\n<p>Avukat\u0131n, hakime sald\u0131rmaya \u00e7al\u0131\u015ft\u0131\u011f\u0131 s\u0131rada olay yerinde bulunan ki\u015filer taraf\u0131ndan engellendi\u011fi ifade edildi. Hakimin \u015fikayeti \u00fczerine avukat P.S. hakk\u0131nda &#x27;kasten yaralamaya te\u015febb\u00fcs&#x27; su\u00e7undan soru\u015fturma ba\u015flat\u0131ld\u0131. Avukat P.S. g\u00f6zalt\u0131na al\u0131nd\u0131.<\/p>\n<p>T\u00fcrkiye g\u00fcndeminden son dakika haberleri, bug\u00fcn ya\u015fanan en son geli\u015fmeler, siyaset g\u00fcndeminden g\u00fcncel haberler ve b\u00fct\u00fcn son dakika haberleri i\u00e7in H\u00fcrriyet&#x27;in internet haber sitesi hurriyet.com.tr; Hurriyet.com.tr haber i\u00e7erikleri kaynak g\u00f6sterilmeden al\u0131nt\u0131 yap\u0131lamaz, Kanuna ayk\u0131r\u0131 ve izinsiz olarak kopyalanamaz, ba\u015fka yerde yay\u0131nlanamaz.<\/p>\n","protected":false},"excerpt":{"rendered":"<p>\u0130stanbul&#8217;da K\u00fc\u00e7\u00fck\u00e7ekmece Adliyesi\u2019nde g\u00f6rev yapan hakime tart\u0131\u015fma s\u0131ras\u0131nda sald\u0131rmaya \u00e7al\u0131\u015ft\u0131\u011f\u0131 belirtilen avukat P.S. g\u00f6zalt\u0131na al\u0131nd\u0131.<\/p>\n","protected":false},"author":2,"featured_media":669,"comment_status":"open","ping_status":"open","sticky":false,"template":"","format":"standard","meta":{"footnotes":""},"categories":[8,6,5],"tags":[],"class_list":["post-670","post","type-post","status-publish","format-standard","has-post-thumbnail","hentry","category-arsiv","category-gundem","category-son-dakika"],"_links":{"self":[{"href":"https:\/\/eskigazeteci.com\/index.php?rest_route=\/wp\/v2\/posts\/670","targetHints":{"allow":["GET"]}}],"collection":[{"href":"https:\/\/eskigazeteci.com\/index.php?rest_route=\/wp\/v2\/posts"}],"about":[{"href":"https:\/\/eskigazeteci.com\/index.php?rest_route=\/wp\/v2\/types\/post"}],"author":[{"embeddable":true,"href":"https:\/\/eskigazeteci.com\/index.php?rest_route=\/wp\/v2\/users\/2"}],"replies":[{"embeddable":true,"href":"https:\/\/eskigazeteci.com\/index.php?rest_route=%2Fwp%2Fv2%2Fcomments&post=670"}],"version-history":[{"count":0,"href":"https:\/\/eskigazeteci.com\/index.php?rest_route=\/wp\/v2\/posts\/670\/revisions"}],"wp:featuredmedia":[{"embeddable":true,"href":"https:\/\/eskigazeteci.com\/index.php?rest_route=\/wp\/v2\/media\/669"}],"wp:attachment":[{"href":"https:\/\/eskigazeteci.com\/index.php?rest_route=%2Fwp%2Fv2%2Fmedia&parent=670"}],"wp:term":[{"taxonomy":"category","embeddable":true,"href":"https:\/\/eskigazeteci.com\/index.php?rest_route=%2Fwp%2Fv2%2Fcategories&post=670"},{"taxonomy":"post_tag","embeddable":true,"href":"https:\/\/eskigazeteci.com\/index.php?rest_route=%2Fwp%2Fv2%2Ftags&post=670"}],"curies":[{"name":"wp","href":"https:\/\/api.w.org\/{rel}","templated":true}]}}