{"id":664,"date":"2026-02-10T07:44:29","date_gmt":"2026-02-10T07:44:29","guid":{"rendered":"https:\/\/eskigazeteci.com\/?p=664"},"modified":"2026-02-10T07:44:29","modified_gmt":"2026-02-10T07:44:29","slug":"tekirdagda-korkunc-olay-16-yasindaki-cocuk-silahli-saldirida-hayatini-kaybetti","status":"publish","type":"post","link":"https:\/\/eskigazeteci.com\/?p=664","title":{"rendered":"Tekirda\u011f&#8217;da korkun\u00e7 olay! 16 ya\u015f\u0131ndaki \u00e7ocuk, silahl\u0131 sald\u0131r\u0131da hayat\u0131n\u0131 kaybetti"},"content":{"rendered":"<p>Olay, S\u00fcleymanpa\u015fa il\u00e7esine ba\u011fl\u0131 Aydo\u011fdu Mahallesi\u2019nde meydana geldi. \u0130ddiaya g\u00f6re, aralar\u0131nda daha \u00f6nceden husumet bulundu\u011fu \u00f6ne s\u00fcr\u00fclen bir ki\u015fi, 16 ya\u015f\u0131ndaki Erkan Karadeniz \u2019e av t\u00fcfe\u011fiyle ate\u015f etti. Sald\u0131rgan olay\u0131n ard\u0131ndan b\u00f6lgeden h\u0131zla uzakla\u015ft\u0131.<\/p>\n<p>\u00c7evredeki vatanda\u015flar\u0131n ihbar\u0131 \u00fczerine adrese polis ve sa\u011fl\u0131k ekipleri sevk edildi. A\u011f\u0131r yaral\u0131 olarak ambulansla Tekirda\u011f Dr. \u0130smail Fehmi Cumal\u0131o\u011flu \u015eehir Hastanesi\u2019ne kald\u0131r\u0131lan \u00e7ocuk, doktorlar\u0131n t\u00fcm m\u00fcdahalesine ra\u011fmen kurtar\u0131lamayarak ya\u015fam\u0131n\u0131 yitirdi.<\/p>\n<p>\u015e\u00dcPHEL\u0130 ARANIYOR<\/p>\n<p>Olay yerinde g\u00fcvenlik \u00f6nlemi alan polis ekipleri inceleme ba\u015flat\u0131rken, ka\u00e7an \u015f\u00fcphelinin yakalanmas\u0131 i\u00e7in \u00e7al\u0131\u015fmalar\u0131n s\u00fcrd\u00fc\u011f\u00fc \u00f6\u011frenildi.<\/p>\n<p>T\u00fcrkiye g\u00fcndeminden son dakika haberleri, bug\u00fcn ya\u015fanan en son geli\u015fmeler, siyaset g\u00fcndeminden g\u00fcncel haberler ve b\u00fct\u00fcn son dakika haberleri i\u00e7in H\u00fcrriyet&#x27;in internet haber sitesi hurriyet.com.tr; Hurriyet.com.tr haber i\u00e7erikleri kaynak g\u00f6sterilmeden al\u0131nt\u0131 yap\u0131lamaz, Kanuna ayk\u0131r\u0131 ve izinsiz olarak kopyalanamaz, ba\u015fka yerde yay\u0131nlanamaz.<\/p>\n","protected":false},"excerpt":{"rendered":"<p>Tekirda\u011f&#8217;\u0131n S\u00fcleymanpa\u015fa il\u00e7esinde silahl\u0131 sald\u0131r\u0131ya u\u011frayan 16 ya\u015f\u0131ndaki Erkan Karadeniz, kald\u0131r\u0131ld\u0131\u011f\u0131 hastanede hayat\u0131n\u0131 kaybetti.<\/p>\n","protected":false},"author":2,"featured_media":663,"comment_status":"open","ping_status":"open","sticky":false,"template":"","format":"standard","meta":{"footnotes":""},"categories":[8,6,5],"tags":[],"class_list":["post-664","post","type-post","status-publish","format-standard","has-post-thumbnail","hentry","category-arsiv","category-gundem","category-son-dakika"],"_links":{"self":[{"href":"https:\/\/eskigazeteci.com\/index.php?rest_route=\/wp\/v2\/posts\/664","targetHints":{"allow":["GET"]}}],"collection":[{"href":"https:\/\/eskigazeteci.com\/index.php?rest_route=\/wp\/v2\/posts"}],"about":[{"href":"https:\/\/eskigazeteci.com\/index.php?rest_route=\/wp\/v2\/types\/post"}],"author":[{"embeddable":true,"href":"https:\/\/eskigazeteci.com\/index.php?rest_route=\/wp\/v2\/users\/2"}],"replies":[{"embeddable":true,"href":"https:\/\/eskigazeteci.com\/index.php?rest_route=%2Fwp%2Fv2%2Fcomments&post=664"}],"version-history":[{"count":0,"href":"https:\/\/eskigazeteci.com\/index.php?rest_route=\/wp\/v2\/posts\/664\/revisions"}],"wp:featuredmedia":[{"embeddable":true,"href":"https:\/\/eskigazeteci.com\/index.php?rest_route=\/wp\/v2\/media\/663"}],"wp:attachment":[{"href":"https:\/\/eskigazeteci.com\/index.php?rest_route=%2Fwp%2Fv2%2Fmedia&parent=664"}],"wp:term":[{"taxonomy":"category","embeddable":true,"href":"https:\/\/eskigazeteci.com\/index.php?rest_route=%2Fwp%2Fv2%2Fcategories&post=664"},{"taxonomy":"post_tag","embeddable":true,"href":"https:\/\/eskigazeteci.com\/index.php?rest_route=%2Fwp%2Fv2%2Ftags&post=664"}],"curies":[{"name":"wp","href":"https:\/\/api.w.org\/{rel}","templated":true}]}}