{"id":662,"date":"2026-02-10T07:44:27","date_gmt":"2026-02-10T07:44:27","guid":{"rendered":"https:\/\/eskigazeteci.com\/?p=662"},"modified":"2026-02-10T07:44:27","modified_gmt":"2026-02-10T07:44:27","slug":"6-yasindaki-elanin-kahreden-olumunde-baba-konustu-cocugum-organize-cinayete-kurban-gitti","status":"publish","type":"post","link":"https:\/\/eskigazeteci.com\/?p=662","title":{"rendered":"6 ya\u015f\u0131ndaki Ela&#8217;n\u0131n kahreden \u00f6l\u00fcm\u00fcnde baba konu\u015ftu: \u00c7ocu\u011fum organize cinayete kurban gitti"},"content":{"rendered":"<p>Kaza, 4 \u015eubat g\u00fcn\u00fc saat 15.00 s\u0131ralar\u0131nda Beylikba\u011f\u0131 Cumhuriyet Mahallesi K\u00f6ro\u011flu Caddesi\u2019ndeki \u00f6zel bir ilkokulun \u00f6n\u00fcnde meydana geldi. Okul \u00e7\u0131k\u0131\u015f\u0131nda servis arac\u0131na binmek i\u00e7in yolun kar\u015f\u0131s\u0131na ge\u00e7meye \u00e7al\u0131\u015fan ilkokul 1&#x27;inci s\u0131n\u0131f \u00f6\u011frencisi Ela Tabako\u011flu&#x27;na, \u0130.C.&#x27;nin kulland\u0131\u011f\u0131 41 P 3597 plakal\u0131 ba\u015fka bir servis midib\u00fcs\u00fc \u00e7arpt\u0131. \u0130hbarla adrese sa\u011fl\u0131k ve polis ekipleri sevk edildi. Tabako\u011flu&#x27;nun ya\u015fam\u0131n\u0131 yitirdi\u011fi belirlendi. Tabako\u011flu&#x27;nun cenazesi, memleketi Zonguldak&#x27;\u0131n \u00c7aycuma il\u00e7esi Basat k\u00f6y\u00fcnde topra\u011fa verildi. G\u00f6zalt\u0131na al\u0131nan servis s\u00fcr\u00fcc\u00fcs\u00fc \u0130.C., \u00e7\u0131kar\u0131ld\u0131\u011f\u0131 mahkeme taraf\u0131ndan tutukland\u0131.<\/p>\n<p>&#x27;BU KAZA DE\u011e\u0130L, C\u0130NAYET&#x27;<\/p>\n<p>Servis de\u011fi\u015fikli\u011fi nedeniyle karma\u015fa ya\u015fand\u0131\u011f\u0131n\u0131 ifade eden baba Fatih Tabako\u011flu, &quot;Yavrumu sabah annesi servise vermi\u015f. Servise biniyor, okula gidiyor. Okul \u00e7\u0131k\u0131s\u0131 servis\u00e7iler keyfi, kafas\u0131na g\u00f6re; bunlar galiba abi ve karde\u015fmi\u015f, servis de\u011fi\u015fikli\u011fi yap\u0131yor. Di\u011fer servis okulun i\u00e7inde bekliyormu\u015f. \u00c7ocu\u011fum okuldan \u00e7\u0131k\u0131yor. Annesinin her ihtimale kar\u015f\u0131 &#x27;bekle&#x27; dedi\u011fi yerde, 5-6 dakika bekliyor. Sonra \u00e7ocuk haliyle d\u0131\u015far\u0131ya \u00e7\u0131k\u0131yor ve servisini aramaya ba\u015fl\u0131yor. Okul y\u00f6netiminin, bizlerin, \u00e7ocu\u011fun kimsenin bu servis de\u011fi\u015fikli\u011finden haberi yok. En az\u0131ndan birimizin haberi olmu\u015f olsa \u00e7ocuk da \u00f6\u011frenirdi, gitmesi gereken servise giderdi. Yavrum servisin pe\u015finden ko\u015fturuyor, &#x27;Bu benim hakk\u0131m&#x27; diye gidiyor. Servis\u00e7i g\u00f6rm\u00fcyor, orada olay an\u0131nda siyah bir araba var kald\u0131r\u0131mda. Onun da s\u0131k\u0131\u015ft\u0131rmas\u0131yla galiba orada kaza oluyor. Bu kaza de\u011fil, cinayet. Benim \u00e7ocu\u011fum organize cinayete kurban gitti&quot; dedi.<\/p>\n<p>&#x27;BUNLARIN HESABI SORULACAK&#x27;<\/p>\n<p>Fatih Tabako\u011flu, &quot;Bizim servisimizde 1&#x27;inci s\u0131n\u0131fa giden \u00e7ocuk yoktu. Hostes han\u0131m okulun d\u0131\u015f kap\u0131s\u0131nda de\u011fil, i\u00e7 kap\u0131s\u0131nda bekleyip gidip almas\u0131 gerekiyor. Veliler olarak servislere g\u00fcvenip, \u00e7ocu\u011fumuzu yazd\u0131r\u0131yoruz. Bunlar \u00fccret kar\u015f\u0131l\u0131\u011f\u0131nda oluyor. Biz yedi\u011fimizden, i\u00e7ti\u011fimizden kesiyoruz; \u00e7ok zengin insanlar de\u011filiz. Bunlara \u00e7ocu\u011fumuzu emanet ediyoruz. Benim emanetime sahip \u00e7\u0131kmad\u0131lar. Tepeden a\u015fa\u011f\u0131ya herkes su\u00e7lu, ben buna&#8230;<\/p>\n","protected":false},"excerpt":{"rendered":"<p>Kocaeli&#8217;nin Gebze il\u00e7esinde okul \u00e7\u0131k\u0131\u015f\u0131 servis midib\u00fcs\u00fcn\u00fcn \u00e7arpmas\u0131 sonucu hayat\u0131n\u0131 kaybeden Ela Tabako\u011flu&#8217;nun (6) babas\u0131 Fatih Tabako\u011flu, Tepeden a\u015fa\u011f\u0131ya&#8230;<\/p>\n","protected":false},"author":2,"featured_media":661,"comment_status":"open","ping_status":"open","sticky":false,"template":"","format":"standard","meta":{"footnotes":""},"categories":[8,6,5],"tags":[],"class_list":["post-662","post","type-post","status-publish","format-standard","has-post-thumbnail","hentry","category-arsiv","category-gundem","category-son-dakika"],"_links":{"self":[{"href":"https:\/\/eskigazeteci.com\/index.php?rest_route=\/wp\/v2\/posts\/662","targetHints":{"allow":["GET"]}}],"collection":[{"href":"https:\/\/eskigazeteci.com\/index.php?rest_route=\/wp\/v2\/posts"}],"about":[{"href":"https:\/\/eskigazeteci.com\/index.php?rest_route=\/wp\/v2\/types\/post"}],"author":[{"embeddable":true,"href":"https:\/\/eskigazeteci.com\/index.php?rest_route=\/wp\/v2\/users\/2"}],"replies":[{"embeddable":true,"href":"https:\/\/eskigazeteci.com\/index.php?rest_route=%2Fwp%2Fv2%2Fcomments&post=662"}],"version-history":[{"count":0,"href":"https:\/\/eskigazeteci.com\/index.php?rest_route=\/wp\/v2\/posts\/662\/revisions"}],"wp:featuredmedia":[{"embeddable":true,"href":"https:\/\/eskigazeteci.com\/index.php?rest_route=\/wp\/v2\/media\/661"}],"wp:attachment":[{"href":"https:\/\/eskigazeteci.com\/index.php?rest_route=%2Fwp%2Fv2%2Fmedia&parent=662"}],"wp:term":[{"taxonomy":"category","embeddable":true,"href":"https:\/\/eskigazeteci.com\/index.php?rest_route=%2Fwp%2Fv2%2Fcategories&post=662"},{"taxonomy":"post_tag","embeddable":true,"href":"https:\/\/eskigazeteci.com\/index.php?rest_route=%2Fwp%2Fv2%2Ftags&post=662"}],"curies":[{"name":"wp","href":"https:\/\/api.w.org\/{rel}","templated":true}]}}