{"id":660,"date":"2026-02-10T07:44:25","date_gmt":"2026-02-10T07:44:25","guid":{"rendered":"https:\/\/eskigazeteci.com\/?p=660"},"modified":"2026-02-10T07:44:25","modified_gmt":"2026-02-10T07:44:25","slug":"kayserisporun-galibiyet-hasreti-7-maca-cikti","status":"publish","type":"post","link":"https:\/\/eskigazeteci.com\/?p=660","title":{"rendered":"Kayserispor&#8217;un galibiyet hasreti 7 ma\u00e7a \u00e7\u0131kt\u0131"},"content":{"rendered":"<p>S\u00fcper Lig\u2019de son y\u0131llarda mali anlamda zor g\u00fcnler ge\u00e7iren Kayserispor, ligde de bir t\u00fcrl\u00fc istedi\u011fi sonu\u00e7lar\u0131 alamayarak bu sezon \u00e7\u0131kt\u0131\u011f\u0131 10 kar\u015f\u0131la\u015fmada da gelip gelemedi.<\/p>\n<p>Sar\u0131-k\u0131rm\u0131z\u0131l\u0131lar, ligdeki son galibiyetini ligin ilk yar\u0131s\u0131nda deplasmanda ge\u00e7en y\u0131l 29 Kas\u0131m\u2019da \u00c7aykur Rizespor \u2019u 1-0\u2019l\u0131k skor ile ma\u011flup ederek alm\u0131\u015ft\u0131. S\u00fcper Lig&#x27;de \u00e7\u0131kt\u0131\u011f\u0131 son 7 kar\u015f\u0131la\u015fmada da galip gelemeyen Kayserispor, bu s\u00fcre\u00e7te \u00e7\u0131kt\u0131\u011f\u0131 ma\u00e7larda 4 ma\u011flubiyet al\u0131p, 3 kez de sahadan beraberlikle ayr\u0131ld\u0131.<\/p>\n<p>Kayserispor , 21 haftas\u0131 geride kalan S\u00fcper Lig &#x27;de toplad\u0131\u011f\u0131 15 puanla 17. s\u0131rada, d\u00fc\u015fme hatt\u0131nda yer al\u0131yor.<\/p>\n<p>Sar\u0131-k\u0131rm\u0131z\u0131l\u0131 ekip, ligin 22. haftas\u0131nda Pazar g\u00fcn\u00fc G\u00f6ztepe&#x27;ye konuk olacak.<\/p>\n<p>T\u00fcrkiye&#x27;den ve D\u00fcnya\u2019dan son dakika haberleri, k\u00f6\u015fe yaz\u0131lar\u0131, magazinden siyasete, spordan seyahate b\u00fct\u00fcn konular\u0131n tek adresi Hurriyet.com.tr haber i\u00e7erikleri izin al\u0131nmadan, kaynak g\u00f6sterilerek dahi iktibas edilemez. Kanuna ayk\u0131r\u0131 ve izinsiz olarak kopyalanamaz, ba\u015fka yerde yay\u0131nlanamaz.<\/p>\n","protected":false},"excerpt":{"rendered":"<p>S\u00fcper Lig ekiplerinden Kayserispor ilk yar\u0131da deplasmanda kazand\u0131\u011f\u0131 \u00c7aykur Rizespor ma\u00e7\u0131n\u0131n ard\u0131ndan \u00e7\u0131kt\u0131\u011f\u0131 7 ma\u00e7ta galibiyet y\u00fcz\u00fc g\u00f6remedi.<\/p>\n","protected":false},"author":2,"featured_media":659,"comment_status":"open","ping_status":"open","sticky":false,"template":"","format":"standard","meta":{"footnotes":""},"categories":[8,5,7],"tags":[],"class_list":["post-660","post","type-post","status-publish","format-standard","has-post-thumbnail","hentry","category-arsiv","category-son-dakika","category-spor"],"_links":{"self":[{"href":"https:\/\/eskigazeteci.com\/index.php?rest_route=\/wp\/v2\/posts\/660","targetHints":{"allow":["GET"]}}],"collection":[{"href":"https:\/\/eskigazeteci.com\/index.php?rest_route=\/wp\/v2\/posts"}],"about":[{"href":"https:\/\/eskigazeteci.com\/index.php?rest_route=\/wp\/v2\/types\/post"}],"author":[{"embeddable":true,"href":"https:\/\/eskigazeteci.com\/index.php?rest_route=\/wp\/v2\/users\/2"}],"replies":[{"embeddable":true,"href":"https:\/\/eskigazeteci.com\/index.php?rest_route=%2Fwp%2Fv2%2Fcomments&post=660"}],"version-history":[{"count":0,"href":"https:\/\/eskigazeteci.com\/index.php?rest_route=\/wp\/v2\/posts\/660\/revisions"}],"wp:featuredmedia":[{"embeddable":true,"href":"https:\/\/eskigazeteci.com\/index.php?rest_route=\/wp\/v2\/media\/659"}],"wp:attachment":[{"href":"https:\/\/eskigazeteci.com\/index.php?rest_route=%2Fwp%2Fv2%2Fmedia&parent=660"}],"wp:term":[{"taxonomy":"category","embeddable":true,"href":"https:\/\/eskigazeteci.com\/index.php?rest_route=%2Fwp%2Fv2%2Fcategories&post=660"},{"taxonomy":"post_tag","embeddable":true,"href":"https:\/\/eskigazeteci.com\/index.php?rest_route=%2Fwp%2Fv2%2Ftags&post=660"}],"curies":[{"name":"wp","href":"https:\/\/api.w.org\/{rel}","templated":true}]}}