{"id":66,"date":"2026-02-06T10:32:03","date_gmt":"2026-02-06T10:32:03","guid":{"rendered":"https:\/\/eskigazeteci.com\/?p=66"},"modified":"2026-02-06T10:32:03","modified_gmt":"2026-02-06T10:32:03","slug":"haber-9","status":"publish","type":"post","link":"https:\/\/eskigazeteci.com\/?p=66","title":{"rendered":"Haber"},"content":{"rendered":"<p>Kars\u2019ta bir s\u00fcredir devam eden yalanc\u0131 bahar, yerini dondurucu ayaza b\u0131rakt\u0131. Kent merkezinde dondurucu so\u011fuklar nedeniyle ara\u00e7 camlar\u0131 buzla kapland\u0131, nehir ve derelerin y\u00fczeyi dondu.<\/p>\n<p>Kars\u2019ta bir s\u00fcredir devam eden yalanc\u0131 bahar, yerini dondurucu ayaza b\u0131rakt\u0131. Kent merkezinde dondurucu so\u011fuklar nedeniyle ara\u00e7 camlar\u0131 buzla kapland\u0131, nehir ve derelerin y\u00fczeyi dondu.<\/p>\n<p>Sabah saatlerinde i\u015fe gitmek i\u00e7in soka\u011fa \u00e7\u0131kan vatanda\u015flar adeta buz k\u00fctlesine d\u00f6nerken, bir vatanda\u015f\u0131n ise ba\u015f\u0131nda bere ile kirpik ve ka\u015flar\u0131 buz tutarak so\u011fu\u011fun \u015fiddetini g\u00f6zler \u00f6n\u00fcne serdi.<\/p>\n<p>Sabah saatlerinde i\u015fe gitmek i\u00e7in soka\u011fa \u00e7\u0131kan vatanda\u015flar adeta buz k\u00fctlesine d\u00f6nerken, bir vatanda\u015f\u0131n ise ba\u015f\u0131nda bere ile kirpik ve ka\u015flar\u0131 buz tutarak so\u011fu\u011fun \u015fiddetini g\u00f6zler \u00f6n\u00fcne serdi.<\/p>\n<p>Kars\u2019ta havalar\u0131n \u00e7ok so\u011fuk ge\u00e7ti\u011fini ifade eden Salih \u015eahin, &quot;Kars son 15 y\u0131l\u0131n en so\u011fuk k\u0131\u015f\u0131n\u0131 ya\u015f\u0131yor. Kar Kars\u2019\u0131n g\u00fczelli\u011fidir, ayn\u0131 zamanda turistik olarak kullan\u0131lmaktad\u0131r. A\u011fa\u00e7lar kar ile de\u011fi\u015fik g\u00fczel g\u00f6r\u00fcnt\u00fc olu\u015fturuyor. Ancak \u00e7ok so\u011fuk oldu\u011fu zaman arabalar\u0131 \u00e7al\u0131\u015ft\u0131ram\u0131yoruz, k\u0131\u015f s\u0131k\u0131nt\u0131s\u0131 \u00e7ekiyoruz. G\u00f6rsel g\u00fczellik var ancak do\u011fal gaz fazla yan\u0131yor.<\/p>\n<p>Kars\u2019ta havalar\u0131n \u00e7ok so\u011fuk ge\u00e7ti\u011fini ifade eden Salih \u015eahin, &quot;Kars son 15 y\u0131l\u0131n en so\u011fuk k\u0131\u015f\u0131n\u0131 ya\u015f\u0131yor. Kar Kars\u2019\u0131n g\u00fczelli\u011fidir, ayn\u0131 zamanda turistik olarak kullan\u0131lmaktad\u0131r. A\u011fa\u00e7lar kar ile de\u011fi\u015fik g\u00fczel g\u00f6r\u00fcnt\u00fc olu\u015fturuyor. Ancak \u00e7ok so\u011fuk oldu\u011fu zaman arabalar\u0131 \u00e7al\u0131\u015ft\u0131ram\u0131yoruz, k\u0131\u015f s\u0131k\u0131nt\u0131s\u0131 \u00e7ekiyoruz. G\u00f6rsel g\u00fczellik var ancak do\u011fal gaz fazla yan\u0131yor.<\/p>\n<p>Do\u011fal gaz fiyatlar\u0131 \u00e7ok y\u00fcksek, bu b\u00f6lgeye do\u011fal gaz fiyatlar\u0131nda indirim olmas\u0131 laz\u0131m. Do\u011fu b\u00f6lgesine Kars, I\u011fd\u0131r ve Ardahan k\u0131\u015f bak\u0131m\u0131ndan \u00e7ok etkilenen illerin ba\u015f\u0131nda gelir&quot; dedi.<\/p>\n<p>Do\u011fal gaz fiyatlar\u0131 \u00e7ok y\u00fcksek, bu b\u00f6lgeye do\u011fal gaz fiyatlar\u0131nda indirim olmas\u0131 laz\u0131m. Do\u011fu b\u00f6lgesine Kars, I\u011fd\u0131r ve Ardahan k\u0131\u015f bak\u0131m\u0131ndan \u00e7ok etkilenen illerin ba\u015f\u0131nda gelir&quot; dedi.<\/p>\n<p>Dondurucu so\u011fuklar sadece hayat\u0131 zorla\u015ft\u0131rmakla kalmad\u0131, ayn\u0131 zamanda muazzam do\u011fa manzaralar\u0131 da olu\u015fturdu. Etkili olan so\u011fuk hava dalgas\u0131yla birlikte a\u011fa\u00e7 dallar\u0131 k\u0131ra\u011f\u0131 ile kapland\u0131. Kent merkezindeki park ve bah\u00e7elerdeki bu e\u015fsiz manzara, so\u011fu\u011fa ra\u011fmen kartpostall\u0131k g\u00f6r\u00fcnt\u00fcler olu\u015fturdu. Kars\u2019ta hava s\u0131cakl\u0131\u011f\u0131 gece s\u0131f\u0131r\u0131n alt\u0131nda 17 derece, sabah erken saatlerde ise s\u0131f\u0131r\u0131n alt\u0131nda 14 derece olarak \u00f6l\u00e7\u00fcld\u00fc. Kente so\u011fuk hava etkisini s\u00fcrd\u00fcr\u00fcyor.<\/p>\n<p>Dondurucu so\u011fuklar sadece hayat\u0131 zorla\u015ft\u0131rmakla kalmad\u0131, ayn\u0131 zamanda muazzam do\u011fa manzaralar\u0131 da olu\u015fturdu. Etkili olan so\u011fuk hava dalgas\u0131yla birlikte a\u011fa\u00e7 dallar\u0131 k\u0131ra\u011f\u0131 ile kapland\u0131. Kent merkezindeki park ve bah\u00e7elerdeki bu e\u015fsiz manzara, so\u011fu\u011fa ra\u011fmen kartpostall\u0131k g\u00f6r\u00fcnt\u00fcler olu\u015fturdu. Kars\u2019ta hava s\u0131cakl\u0131\u011f\u0131 gece s\u0131f\u0131r\u0131n alt\u0131nda 17 derece, sabah erken saatlerde ise s\u0131f\u0131r\u0131n alt\u0131nda 14 derece olarak \u00f6l\u00e7\u00fcld\u00fc. Kente so\u011fuk hava etkisini s\u00fcrd\u00fcr\u00fcyor.<\/p>\n<p>T\u00fcrkiye g\u00fcndeminden son dakika haberleri, bug\u00fcn ya\u015fanan en son geli\u015fmeler, siyaset g\u00fcndeminden g\u00fcncel haberler ve b\u00fct\u00fcn son dakika haberleri i\u00e7in H\u00fcrriyet&#x27;in internet haber sitesi hurriyet.com.tr; Hurriyet.com.tr haber i\u00e7erikleri kaynak g\u00f6sterilmeden al\u0131nt\u0131 yap\u0131lamaz, Kanuna ayk\u0131r\u0131 ve izinsiz olarak kopyalanamaz, ba\u015fka yerde yay\u0131nlanamaz.<\/p>\n","protected":false},"excerpt":{"rendered":"<p>Kars\u2019\u0131n so\u011fu\u011fu vatanda\u015f\u0131n kirpiklerini dondurdu. So\u011fuktan kent genelinde a\u011fa\u00e7lar k\u0131ra\u011f\u0131 tuttu.<\/p>\n","protected":false},"author":2,"featured_media":65,"comment_status":"open","ping_status":"open","sticky":false,"template":"","format":"standard","meta":{"footnotes":""},"categories":[8,3],"tags":[],"class_list":["post-66","post","type-post","status-publish","format-standard","has-post-thumbnail","hentry","category-arsiv","category-siyaset"],"_links":{"self":[{"href":"https:\/\/eskigazeteci.com\/index.php?rest_route=\/wp\/v2\/posts\/66","targetHints":{"allow":["GET"]}}],"collection":[{"href":"https:\/\/eskigazeteci.com\/index.php?rest_route=\/wp\/v2\/posts"}],"about":[{"href":"https:\/\/eskigazeteci.com\/index.php?rest_route=\/wp\/v2\/types\/post"}],"author":[{"embeddable":true,"href":"https:\/\/eskigazeteci.com\/index.php?rest_route=\/wp\/v2\/users\/2"}],"replies":[{"embeddable":true,"href":"https:\/\/eskigazeteci.com\/index.php?rest_route=%2Fwp%2Fv2%2Fcomments&post=66"}],"version-history":[{"count":0,"href":"https:\/\/eskigazeteci.com\/index.php?rest_route=\/wp\/v2\/posts\/66\/revisions"}],"wp:featuredmedia":[{"embeddable":true,"href":"https:\/\/eskigazeteci.com\/index.php?rest_route=\/wp\/v2\/media\/65"}],"wp:attachment":[{"href":"https:\/\/eskigazeteci.com\/index.php?rest_route=%2Fwp%2Fv2%2Fmedia&parent=66"}],"wp:term":[{"taxonomy":"category","embeddable":true,"href":"https:\/\/eskigazeteci.com\/index.php?rest_route=%2Fwp%2Fv2%2Fcategories&post=66"},{"taxonomy":"post_tag","embeddable":true,"href":"https:\/\/eskigazeteci.com\/index.php?rest_route=%2Fwp%2Fv2%2Ftags&post=66"}],"curies":[{"name":"wp","href":"https:\/\/api.w.org\/{rel}","templated":true}]}}