{"id":656,"date":"2026-02-10T07:44:22","date_gmt":"2026-02-10T07:44:22","guid":{"rendered":"https:\/\/eskigazeteci.com\/?p=656"},"modified":"2026-02-10T07:44:22","modified_gmt":"2026-02-10T07:44:22","slug":"yogun-kar-yagisini-firsata-cevirdiler-imece-usuluyle-yapildi-bir-amacimiz-vardi-ulastik","status":"publish","type":"post","link":"https:\/\/eskigazeteci.com\/?p=656","title":{"rendered":"Yo\u011fun kar ya\u011f\u0131\u015f\u0131n\u0131 f\u0131rsata \u00e7evirdiler: \u0130mece usul\u00fcyle yap\u0131ld\u0131! &#8216;Bir amac\u0131m\u0131z vard\u0131, ula\u015ft\u0131k&#8217;"},"content":{"rendered":"<p>Sivas\u2019\u0131n Hafik il\u00e7esine ba\u011fl\u0131 Yenik\u00f6y k\u00f6y\u00fcnde k\u00f6y sakinleri, yo\u011fun kar ya\u011f\u0131\u015f\u0131n\u0131n ard\u0131ndan anlaml\u0131 bir etkinli\u011fe imza att\u0131.<\/p>\n<p>Sivas\u2019\u0131n Hafik il\u00e7esine ba\u011fl\u0131 Yenik\u00f6y k\u00f6y\u00fcnde k\u00f6y sakinleri, yo\u011fun kar ya\u011f\u0131\u015f\u0131n\u0131n ard\u0131ndan anlaml\u0131 bir etkinli\u011fe imza att\u0131.<\/p>\n<p>Cami cemaatiyle bir araya gelen vatanda\u015flar, birlik ve beraberlik duygusunu peki\u015ftirmek amac\u0131yla kardan \u00e7ay oca\u011f\u0131 yapt\u0131.<\/p>\n<p>Cami cemaatiyle bir araya gelen vatanda\u015flar, birlik ve beraberlik duygusunu peki\u015ftirmek amac\u0131yla kardan \u00e7ay oca\u011f\u0131 yapt\u0131.<\/p>\n<p>\u0130mece usul\u00fcyle yap\u0131lan kardan \u00e7ay oca\u011f\u0131nda k\u00f6yl\u00fcler birlikte \u00e7ay i\u00e7ip sohbet ederken, kardan yap\u0131n\u0131n \u00fczerine T\u00fcrk bayra\u011f\u0131 as\u0131ld\u0131. Ortaya \u00e7\u0131kan g\u00f6r\u00fcnt\u00fcler, k\u00f6ydeki dayan\u0131\u015fma ve karde\u015flik ruhunu yans\u0131tt\u0131.<\/p>\n<p>\u0130mece usul\u00fcyle yap\u0131lan kardan \u00e7ay oca\u011f\u0131nda k\u00f6yl\u00fcler birlikte \u00e7ay i\u00e7ip sohbet ederken, kardan yap\u0131n\u0131n \u00fczerine T\u00fcrk bayra\u011f\u0131 as\u0131ld\u0131. Ortaya \u00e7\u0131kan g\u00f6r\u00fcnt\u00fcler, k\u00f6ydeki dayan\u0131\u015fma ve karde\u015flik ruhunu yans\u0131tt\u0131.<\/p>\n<p>K\u00f6y sakinlerinden Hayrettin Ko\u00e7, yap\u0131lan \u00e7al\u0131\u015fman\u0131n amac\u0131n\u0131n birlik ve beraberlik oldu\u011funu belirterek, &quot;K\u00f6y\u00fcm\u00fczde bu y\u0131l kar ya\u011f\u0131\u015f\u0131 olduk\u00e7a fazla oldu. Biz de bu durumu f\u0131rsata \u00e7evirerek cemaatle birlikte kardan bir \u00e7ay oca\u011f\u0131 yapt\u0131k.<\/p>\n<p>K\u00f6y sakinlerinden Hayrettin Ko\u00e7, yap\u0131lan \u00e7al\u0131\u015fman\u0131n amac\u0131n\u0131n birlik ve beraberlik oldu\u011funu belirterek, &quot;K\u00f6y\u00fcm\u00fczde bu y\u0131l kar ya\u011f\u0131\u015f\u0131 olduk\u00e7a fazla oldu. Biz de bu durumu f\u0131rsata \u00e7evirerek cemaatle birlikte kardan bir \u00e7ay oca\u011f\u0131 yapt\u0131k.<\/p>\n<p>Amac\u0131m\u0131z birlik ve beraberli\u011fi peki\u015ftirmekti. Hep birlikte eme\u011fimizi ortaya koyduk, \u00e7ay\u0131m\u0131z\u0131 i\u00e7tik, sohbet ettik.<\/p>\n<p>Amac\u0131m\u0131z birlik ve beraberli\u011fi peki\u015ftirmekti. Hep birlikte eme\u011fimizi ortaya koyduk, \u00e7ay\u0131m\u0131z\u0131 i\u00e7tik, sohbet ettik.<\/p>\n<p>Kardan yapt\u0131\u011f\u0131m\u0131z \u00e7ay oca\u011f\u0131n\u0131n \u00fczerine T\u00fcrk bayra\u011f\u0131m\u0131z\u0131 da ast\u0131k. Bu g\u00f6r\u00fcnt\u00fc bizim birlik ve beraberli\u011fimizin bir g\u00f6stergesi&quot; \u015feklinde konu\u015ftu.<\/p>\n<p>Kardan yapt\u0131\u011f\u0131m\u0131z \u00e7ay oca\u011f\u0131n\u0131n \u00fczerine T\u00fcrk bayra\u011f\u0131m\u0131z\u0131 da ast\u0131k. Bu g\u00f6r\u00fcnt\u00fc bizim birlik ve beraberli\u011fimizin bir g\u00f6stergesi&quot; \u015feklinde konu\u015ftu.<\/p>\n<p>T\u00fcrkiye g\u00fcndeminden son dakika haberleri, bug\u00fcn ya\u015fanan en son geli\u015fmeler, siyaset g\u00fcndeminden g\u00fcncel&#8230;<\/p>\n","protected":false},"excerpt":{"rendered":"<p>Sivas\u2019ta bir k\u00f6yde ya\u015fayan vatanda\u015flar, yo\u011fun kar ya\u011f\u0131\u015f\u0131n\u0131 f\u0131rsata \u00e7evirerek kardan \u00e7ay oca\u011f\u0131 yapt\u0131. Kardan yap\u0131lan \u00e7ay oca\u011f\u0131n\u0131n \u00fczerine T\u00fcrk bayra\u011f\u0131 asarak&#8230;<\/p>\n","protected":false},"author":2,"featured_media":655,"comment_status":"open","ping_status":"open","sticky":false,"template":"","format":"standard","meta":{"footnotes":""},"categories":[8,6,5],"tags":[],"class_list":["post-656","post","type-post","status-publish","format-standard","has-post-thumbnail","hentry","category-arsiv","category-gundem","category-son-dakika"],"_links":{"self":[{"href":"https:\/\/eskigazeteci.com\/index.php?rest_route=\/wp\/v2\/posts\/656","targetHints":{"allow":["GET"]}}],"collection":[{"href":"https:\/\/eskigazeteci.com\/index.php?rest_route=\/wp\/v2\/posts"}],"about":[{"href":"https:\/\/eskigazeteci.com\/index.php?rest_route=\/wp\/v2\/types\/post"}],"author":[{"embeddable":true,"href":"https:\/\/eskigazeteci.com\/index.php?rest_route=\/wp\/v2\/users\/2"}],"replies":[{"embeddable":true,"href":"https:\/\/eskigazeteci.com\/index.php?rest_route=%2Fwp%2Fv2%2Fcomments&post=656"}],"version-history":[{"count":0,"href":"https:\/\/eskigazeteci.com\/index.php?rest_route=\/wp\/v2\/posts\/656\/revisions"}],"wp:featuredmedia":[{"embeddable":true,"href":"https:\/\/eskigazeteci.com\/index.php?rest_route=\/wp\/v2\/media\/655"}],"wp:attachment":[{"href":"https:\/\/eskigazeteci.com\/index.php?rest_route=%2Fwp%2Fv2%2Fmedia&parent=656"}],"wp:term":[{"taxonomy":"category","embeddable":true,"href":"https:\/\/eskigazeteci.com\/index.php?rest_route=%2Fwp%2Fv2%2Fcategories&post=656"},{"taxonomy":"post_tag","embeddable":true,"href":"https:\/\/eskigazeteci.com\/index.php?rest_route=%2Fwp%2Fv2%2Ftags&post=656"}],"curies":[{"name":"wp","href":"https:\/\/api.w.org\/{rel}","templated":true}]}}