{"id":654,"date":"2026-02-10T07:30:39","date_gmt":"2026-02-10T07:30:39","guid":{"rendered":"https:\/\/eskigazeteci.com\/?p=654"},"modified":"2026-02-10T07:30:39","modified_gmt":"2026-02-10T07:30:39","slug":"abd-medyasindan-bati-seria-iddiasi-israilin-planina-trump-engeli","status":"publish","type":"post","link":"https:\/\/eskigazeteci.com\/?p=654","title":{"rendered":"ABD medyas\u0131ndan Bat\u0131 \u015eeria iddias\u0131: \u0130srail&#8217;in plan\u0131na Trump engeli"},"content":{"rendered":"<p>ABD Ba\u015fkan\u0131 Donald Trump&#x27;\u0131n, Bat\u0131 \u015eeria&#x27;n\u0131n \u0130srail taraf\u0131ndan ilhak edilmesine kar\u015f\u0131 \u00e7\u0131kt\u0131\u011f\u0131 iddia edildi.<\/p>\n<p>Axios muhabiri Barak Ravid, ABD merkezli X platformundaki payla\u015f\u0131m\u0131nda, ismini a\u00e7\u0131klamad\u0131\u011f\u0131 bir Beyaz Saray yetkilisine dayand\u0131rarak, Trump&#x27;\u0131n, Bat\u0131 \u015eeria&#x27;n\u0131n \u0130srail taraf\u0131ndan ilhak edilmesine s\u0131cak bakmad\u0131\u011f\u0131n\u0131 savundu.<\/p>\n<p>Ravid&#x27;in aktard\u0131\u011f\u0131na g\u00f6re, s\u00f6z konusu yetkili, &quot;\u0130stikrarl\u0131 bir Bat\u0131 \u015eeria, \u0130srail&#x27;in g\u00fcvenli\u011fini sa\u011flar ve bu y\u00f6netimin b\u00f6lgede bar\u0131\u015f hedefiyle uyumludur.&quot; ifadesini kulland\u0131.<\/p>\n<p>Daha \u00f6nce de \u0130srail&#x27;in Bat\u0131 \u015eeria&#x27;y\u0131 ilhak etmesine kar\u015f\u0131 \u00e7\u0131kt\u0131\u011f\u0131n\u0131 dile getiren Trump, Ekim 2025&#x27;te \u0130srail Parlamentosu&#x27;ndaki ilhaka ili\u015fkin oylama i\u00e7in &quot;Bat\u0131 \u015eeria konusunda endi\u015felenmeyin, \u0130srail orada hi\u00e7bir \u015fey yapmayacak.&quot; demi\u015fti.<\/p>\n<p>\u0130srail g\u00fcvenlik kabinesinin, Bat\u0131 \u015eeria&#x27;da Filistin y\u00f6netiminin kontrol\u00fcndeki b\u00f6lgelerde \u0130srail&#x27;in &quot;denetim ve kontrol faaliyetlerini&quot; art\u0131ran bir dizi karar\u0131 onaylad\u0131\u011f\u0131 duyurulmu\u015ftu.<\/p>\n<p>Al\u0131nan kararlar aras\u0131nda Yahudi yerle\u015fimcilerin do\u011frudan arazi sat\u0131n almas\u0131n\u0131n \u00f6n\u00fcndeki engellerin kald\u0131r\u0131lmas\u0131, \u0130srail&#x27;e Filistin y\u00f6netiminin sorumlulu\u011fundaki alanlar\u0131 t\u00fcrl\u00fc bahanelerle gasbetme &quot;yetkisi&quot; verilmesi, El Halil ve Beyt\u00fcllahim&#x27;de Filistin y\u00f6netiminin yetkilerinin k\u0131s\u0131tlanmas\u0131 yer alm\u0131\u015ft\u0131.<\/p>\n<p>Karar, \u0130srail&#x27;in i\u015fgal alt\u0131ndaki Bat\u0131 \u015eeria&#x27;y\u0131 ilhak etme y\u00f6n\u00fcnde att\u0131\u011f\u0131 bir ad\u0131m oldu\u011fu i\u00e7in tepki \u00e7ekmi\u015fti.<\/p>\n<p>1995 tarihli \u0130kinci Oslo Anla\u015fmas\u0131&#x27;na g\u00f6re, Bat\u0131 \u015eeria ; tamamen Filistin y\u00f6netimindeki &quot;A B\u00f6lgesi&quot;, Filistin sivil idaresi ile \u0130srail g\u00fcvenlik kontrol\u00fcndeki &quot;B B\u00f6lgesi&quot; ve tamamen \u0130srail kontrol\u00fcndeki &quot;C B\u00f6lgesi&quot; olmak \u00fczere 3&#x27;e ayr\u0131l\u0131yor. &quot;C B\u00f6lgesi&quot;, Bat\u0131 \u015eeria&#x27;n\u0131n yakla\u015f\u0131k y\u00fczde 61&#x27;ini kaps\u0131yor.<\/p>\n<p>Yurtd\u0131\u015f\u0131nda ya\u015fanan en son olaylar, d\u00fcnya g\u00fcndemine oturan d\u0131\u015f haberler, son dakika d\u00fcnya haberleri, di\u011fer d\u00fcnya \u00fclkelerinden g\u00fcncel haberler i\u00e7in T\u00fcrkiye&#x27;nin haber sitesi hurriyet.com.tr; Hurriyet.com.tr haber i\u00e7erikleri kaynak g\u00f6sterilmeden al\u0131nt\u0131 yap\u0131lamaz, Kanuna ayk\u0131r\u0131 ve izinsiz olarak kopyalanamaz, ba\u015fka yerde yay\u0131nlanamaz.<\/p>\n","protected":false},"excerpt":{"rendered":"<p>ABD Ba\u015fkan\u0131 Donald Trump&#8217;\u0131n, \u0130srail&#8217;in i\u015fgal alt\u0131ndaki Bat\u0131 \u015eeria&#8217;y\u0131 ilhak etmesine kar\u015f\u0131 oldu\u011fu \u00f6ne s\u00fcr\u00fcld\u00fc.<\/p>\n","protected":false},"author":2,"featured_media":653,"comment_status":"open","ping_status":"open","sticky":false,"template":"","format":"standard","meta":{"footnotes":""},"categories":[8,1],"tags":[],"class_list":["post-654","post","type-post","status-publish","format-standard","has-post-thumbnail","hentry","category-arsiv","category-uncategorized"],"_links":{"self":[{"href":"https:\/\/eskigazeteci.com\/index.php?rest_route=\/wp\/v2\/posts\/654","targetHints":{"allow":["GET"]}}],"collection":[{"href":"https:\/\/eskigazeteci.com\/index.php?rest_route=\/wp\/v2\/posts"}],"about":[{"href":"https:\/\/eskigazeteci.com\/index.php?rest_route=\/wp\/v2\/types\/post"}],"author":[{"embeddable":true,"href":"https:\/\/eskigazeteci.com\/index.php?rest_route=\/wp\/v2\/users\/2"}],"replies":[{"embeddable":true,"href":"https:\/\/eskigazeteci.com\/index.php?rest_route=%2Fwp%2Fv2%2Fcomments&post=654"}],"version-history":[{"count":0,"href":"https:\/\/eskigazeteci.com\/index.php?rest_route=\/wp\/v2\/posts\/654\/revisions"}],"wp:featuredmedia":[{"embeddable":true,"href":"https:\/\/eskigazeteci.com\/index.php?rest_route=\/wp\/v2\/media\/653"}],"wp:attachment":[{"href":"https:\/\/eskigazeteci.com\/index.php?rest_route=%2Fwp%2Fv2%2Fmedia&parent=654"}],"wp:term":[{"taxonomy":"category","embeddable":true,"href":"https:\/\/eskigazeteci.com\/index.php?rest_route=%2Fwp%2Fv2%2Fcategories&post=654"},{"taxonomy":"post_tag","embeddable":true,"href":"https:\/\/eskigazeteci.com\/index.php?rest_route=%2Fwp%2Fv2%2Ftags&post=654"}],"curies":[{"name":"wp","href":"https:\/\/api.w.org\/{rel}","templated":true}]}}