{"id":652,"date":"2026-02-10T07:30:37","date_gmt":"2026-02-10T07:30:37","guid":{"rendered":"https:\/\/eskigazeteci.com\/?p=652"},"modified":"2026-02-10T07:30:37","modified_gmt":"2026-02-10T07:30:37","slug":"ergin-atamanin-aci-gunu","status":"publish","type":"post","link":"https:\/\/eskigazeteci.com\/?p=652","title":{"rendered":"Ergin Ataman&#8217;\u0131n ac\u0131 g\u00fcn\u00fc!"},"content":{"rendered":"<p>T\u00fcrkiye Basketbol Federasyonu (TBF), A Milli Erkek Basketbol Tak\u0131m\u0131 ve Panathinaikos AKTOR Ba\u015fantren\u00f6r\u00fc Ergin Ataman&#x27;\u0131n annesi G\u00fclten Ataman&#x27;\u0131n vefat etti\u011fini a\u00e7\u0131klad\u0131.<\/p>\n<p>TBF &#x27;nin internet sitesinden yap\u0131lan a\u00e7\u0131klamada, &quot;A Erkek Milli Tak\u0131m Ba\u015fantren\u00f6r\u00fcm\u00fcz Ergin Ataman \u2019\u0131n annesi G\u00fclten Ataman&#x27;\u0131n vefat\u0131n\u0131 derin bir \u00fcz\u00fcnt\u00fcyle \u00f6\u011frenmi\u015f bulunuyoruz. T\u00fcrkiye Basketbol Federasyonu olarak merhumeye Allah&#x27;tan rahmet, k\u0131ymetli ailesi ve sevenlerine ba\u015fsa\u011fl\u0131\u011f\u0131 dileriz.&quot; denildi.<\/p>\n<p>T\u00fcrkiye&#x27;den ve D\u00fcnya\u2019dan son dakika haberleri, k\u00f6\u015fe yaz\u0131lar\u0131, magazinden siyasete, spordan seyahate b\u00fct\u00fcn konular\u0131n tek adresi Hurriyet.com.tr haber i\u00e7erikleri izin al\u0131nmadan, kaynak g\u00f6sterilerek dahi iktibas edilemez. Kanuna ayk\u0131r\u0131 ve izinsiz olarak kopyalanamaz, ba\u015fka yerde yay\u0131nlanamaz.<\/p>\n","protected":false},"excerpt":{"rendered":"<p>A Milli Erkek Basketbol Tak\u0131m\u0131 ve Panathinaikos AKTOR Ba\u015fantren\u00f6r\u00fc Ergin Ataman&#8217;\u0131n annesi G\u00fclten Ataman, hayat\u0131n\u0131 kaybetti.<\/p>\n","protected":false},"author":2,"featured_media":651,"comment_status":"open","ping_status":"open","sticky":false,"template":"","format":"standard","meta":{"footnotes":""},"categories":[8,1],"tags":[],"class_list":["post-652","post","type-post","status-publish","format-standard","has-post-thumbnail","hentry","category-arsiv","category-uncategorized"],"_links":{"self":[{"href":"https:\/\/eskigazeteci.com\/index.php?rest_route=\/wp\/v2\/posts\/652","targetHints":{"allow":["GET"]}}],"collection":[{"href":"https:\/\/eskigazeteci.com\/index.php?rest_route=\/wp\/v2\/posts"}],"about":[{"href":"https:\/\/eskigazeteci.com\/index.php?rest_route=\/wp\/v2\/types\/post"}],"author":[{"embeddable":true,"href":"https:\/\/eskigazeteci.com\/index.php?rest_route=\/wp\/v2\/users\/2"}],"replies":[{"embeddable":true,"href":"https:\/\/eskigazeteci.com\/index.php?rest_route=%2Fwp%2Fv2%2Fcomments&post=652"}],"version-history":[{"count":0,"href":"https:\/\/eskigazeteci.com\/index.php?rest_route=\/wp\/v2\/posts\/652\/revisions"}],"wp:featuredmedia":[{"embeddable":true,"href":"https:\/\/eskigazeteci.com\/index.php?rest_route=\/wp\/v2\/media\/651"}],"wp:attachment":[{"href":"https:\/\/eskigazeteci.com\/index.php?rest_route=%2Fwp%2Fv2%2Fmedia&parent=652"}],"wp:term":[{"taxonomy":"category","embeddable":true,"href":"https:\/\/eskigazeteci.com\/index.php?rest_route=%2Fwp%2Fv2%2Fcategories&post=652"},{"taxonomy":"post_tag","embeddable":true,"href":"https:\/\/eskigazeteci.com\/index.php?rest_route=%2Fwp%2Fv2%2Ftags&post=652"}],"curies":[{"name":"wp","href":"https:\/\/api.w.org\/{rel}","templated":true}]}}