{"id":650,"date":"2026-02-10T07:23:03","date_gmt":"2026-02-10T07:23:03","guid":{"rendered":"https:\/\/eskigazeteci.com\/?p=650"},"modified":"2026-02-10T07:23:03","modified_gmt":"2026-02-10T07:23:03","slug":"nihat-kahveciden-fenerbahcenin-yildizlari-icin-sert-sozler-ona-sinir-oluyorum-ilk-11de-oynamayi-hak-etmiyordu","status":"publish","type":"post","link":"https:\/\/eskigazeteci.com\/?p=650","title":{"rendered":"Nihat Kahveci&#8217;den Fenerbah\u00e7e&#8217;nin y\u0131ld\u0131zlar\u0131 i\u00e7in sert s\u00f6zler: &#8216;Ona sinir oluyorum&#8217; , &#8216;\u0130lk 11&#8217;de oynamay\u0131 hak etmiyordu&#8217;"},"content":{"rendered":"<p>S\u00fcper Lig &#x27;in 21. haftas\u0131nda Fenerbah\u00e7e , sahas\u0131nda kar\u015f\u0131la\u015ft\u0131\u011f\u0131 Gen\u00e7lerbirli\u011fi&#x27;ni ilk yar\u0131da buldu\u011fu gollerle 3-1 ma\u011flup etti.<\/p>\n<p>Sar\u0131-lacivertlilere galibiyeti getiren golleri 16. dakikada penalt\u0131dan Anderson Talisca, 27. ve 33. dakikalarda Kerem Akt\u00fcrko\u011flu kaydetti. Gen\u00e7lerbirli\u011fi &#x27;nin tek gol\u00fc ise 55. dakikada Sekou Koita&#x27;dan geldi.<\/p>\n<p>Bu sonucun ard\u0131ndan 49 puana y\u00fckselen Fenerbah\u00e7e, 52 puanl\u0131 lider Galatasaray&#x27;\u0131 takibini s\u00fcrd\u00fcrd\u00fc.<\/p>\n<p>Zorlu m\u00fccadeleyi Kontraspor Youtube kanal\u0131na yorumlayan Nihat Kahveci &#x27;nin a\u00e7\u0131klamalar\u0131ndan \u00f6ne \u00e7\u0131kanlar \u015fu \u015fekilde&#8230;<\/p>\n<p>&quot;FENERBAH\u00c7E&#x27;N\u0130N OYUNUNU BE\u011eENMED\u0130M&quot;<\/p>\n<p>&quot;Fenerbah\u00e7e i\u00e7 sahada kesinlikle favori oldu\u011fu ma\u00e7ta sahan\u0131n i\u00e7inde de neden favori oldu\u011funu g\u00f6sterip atm\u0131\u015f oldu\u011fu 3 golle ma\u00e7\u0131 kazand\u0131. Fazla da atabilirdi, fazla da yiyebilirdi, sonu\u00e7ta beklenen bir skor oldu. Ama ben bug\u00fcn Fenerbah\u00e7e&#x27;nin oyununu be\u011fenmedim. \u00dc\u00e7 gol var, oyun yok, ba\u015fka bir \u015fey yok gollerin d\u0131\u015f\u0131nda.&quot;<\/p>\n<p>&quot;ASENSIO HAYATIMDA G\u00d6RD\u00dc\u011e\u00dcM EN \u0130Y\u0130 OYUNCULARDAN B\u0130R\u0130&quot;<\/p>\n<p>&quot;Asensio yine bana g\u00f6re Fenerbah\u00e7e&#x27;nin en klas oyuncusu oldu\u011funu g\u00f6sterdi. &quot;Beni Alex ile k\u0131yaslamay\u0131n ama size Alex&#x27;i izlettiririm&quot; dercesine topuk paslar\u0131, atm\u0131\u015f oldu\u011fu goller, k\u0131rd\u0131\u011f\u0131 direkler, servisleri&#8230; Ger\u00e7ekten \u00f6zel bir oyuncu. Her Fenerbah\u00e7e ma\u00e7\u0131ndan sonra Asensio \u00f6v\u00fcyor, konu\u015fuyorum. Art\u0131k bende harf, kelime, c\u00fcmle, dil kalmad\u0131. Ger\u00e7ekten \u00e7ok b\u00fcy\u00fck bir futbolcu. Asensio, \u0130spanya Milli Tak\u0131m\u0131 teknik direkt\u00f6r\u00fcne ba\u011f\u0131r\u0131yor, &quot; D\u00fcnya Kupas\u0131 kadrosunda olmak i\u00e7in daha ne yapabilirim?&quot; Ama orada \u00f6yle bir okyanus var ki, i\u015fi kolay de\u011fil. Ama \u0130spanyol taraftarlara buradaki ma\u00e7lar\u0131n\u0131 izletsinler, &quot;Hocam bunu \u00e7a\u011f\u0131r&quot; derler. \u00c7a\u011fr\u0131lmal\u0131 bence. Hayat\u0131mda g\u00f6rd\u00fc\u011f\u00fcm en iyi oyunculardan biri. Forvet, forvet arkas\u0131, sa\u011f \u00f6n, sol \u00f6n, 6 numara, 8 numara; her yerde oynar abi. Ve oynuyor da. \u0130\u015fin defans taraf\u0131nda da var. Bir oyuncudan daha ne bekleyebilirsin? Alex&#x27;ten sonra Fenerbah\u00e7e taraftar\u0131 bu mevkide ilk kez bu kadar keyifle bir oyuncu izliyor.&quot;<\/p>\n<p>&quot;KEREM \u0130LK 11&#x27;DE OYNAMAYI HAK ETM\u0130YORDU&quot;<\/p>\n<p>&quot;Kerem 2 gol att\u0131 ama futbolunu be\u011fenmedim. Ben farkl\u0131 izliyorum ma\u00e7\u0131. Kerem ma\u00e7a 10 topa dokunmayla ve 7 top kayb\u0131yla ba\u015flad\u0131. 10 topun 7&#x27;sini kaybetti. Bence Kerem ilk 11&#x27;de oynamay\u0131 hak etmiyordu ama 2 gol att\u0131.<\/p>\n<p>Musaba oyuna girdi, yok. Belki morali bozuk, &#x27;Ben iyiydim, ele\u015ftirilen Kerem yine 11 \u00e7\u0131k\u0131yor&#x27; diyebilir.&quot;<\/p>\n<p>&quot;OOSTERWOLDE&#x27;YE S\u0130N\u0130R OLUYORUM&quot;<\/p>\n<p>&quot;\u0130smail ile Fred, Kante ile Guendouzi oynuyor diye hi\u00e7 k\u00fcsmemi\u015fler. Oyuna girdiler, Fred ka\u00e7 tane \u015fut \u00e7ekti, \u00e7ok \u015f\u0131k da bir frikik kulland\u0131. \u0130smail&#x27;i de be\u011fendim, ara pas\u0131 denedi, \u015fut denemeleri yapt\u0131, d\u00f6nen toplar\u0131 ald\u0131, dirilik katt\u0131. \u00c7a\u011flar&#x27;\u0131 be\u011fenmedim.<\/p>\n<p>Kusura bakmas\u0131n Oosterwolde&#x27;ye sinir oluyorum. Bu sadece bug\u00fcn\u00fcn olay\u0131 de\u011fil. Rakipleriyle \u00e7ok u\u011fra\u015f\u0131yor. Sar\u0131 kart g\u00f6rmemesi gereken pozisyonda itirazdan sar\u0131 kart yedi. Rakibini itti\u011fi, sar\u0131 kart g\u00f6rmesi gerekti\u011fi pozisyonda yemedi. Hakemlerimizin de ma\u015fallah\u0131 var yine. Hangi ma\u00e7\u0131 izlesek bizi delirtmeyi ba\u015far\u0131yorlar.&quot;<\/p>\n<p>&quot;KANTE \u00d6YLE B\u0130R TRANSFER S\u00dcREC\u0130 YA\u015eADI K\u0130&#8230;&quot;<\/p>\n<p>&quot;Kante&#x27;yi bug\u00fcnden konu\u015fmamam\u0131z laz\u0131m. \u00d6yle bir transfer s\u00fcreci ya\u015fad\u0131 ki&#8230; &quot;Fenerbah\u00e7e&#x27;deyim, de\u011filim. Al-Ittihad&#x27;day\u0131m, de\u011filim. Fenerbah\u00e7e&#x27;ye geldim, gelmiyorum.&quot; Fenerbah\u00e7e kul\u00fcb\u00fc transfer kapand\u0131 diye resmi a\u00e7\u0131klama yay\u0131nlad\u0131. Cumhurba\u015fkan\u0131 sonra Selman&#x27;\u0131 arad\u0131 ve i\u015f \u00e7\u00f6z\u00fcld\u00fc. Baba bir geldi havaalan\u0131na ka\u00e7 binler geldi. Bug\u00fcn de ba\u015flayabilece\u011fi iyi bir ma\u00e7t\u0131. Fizik olarak kimsenin \u015f\u00fcphesi olmas\u0131n ama Kante&#x27;den 3 asist beklemeyin. Tek ba\u015f\u0131na ma\u00e7 alan biri de\u011fil ama gelmi\u015f ge\u00e7mi\u015f en iyi orta sahalardan biri ama Kante bu ma\u00e7 \u00fczerinden de\u011ferlendirilmez.&quot;<\/p>\n<p>&quot;ORTA SAHA KANTE VE GUENDOUZI&#x27;D\u0130R&quot;<\/p>\n<p>&quot;\u0130smail ile Fred girdi, \u00e7ok bir \u015fey de\u011fi\u015fti mi? Hatta ikisi de \u00e7ok \u015fu att\u0131 ama Be\u015fikta\u015f derbisi, Trabzonspor deplasman\u0131, Galatasaray ma\u00e7\u0131&#8230; Orta saha Kante ve Guendouzi&#x27;dir. Bence Tedesco \u00f6yle d\u00fc\u015f\u00fcn\u00fcyor.&quot;<\/p>\n<p>T\u00fcrkiye&#x27;den ve D\u00fcnya\u2019dan son dakika haberleri, k\u00f6\u015fe yaz\u0131lar\u0131, magazinden siyasete, spordan seyahate b\u00fct\u00fcn konular\u0131n tek adresi Hurriyet.com.tr haber i\u00e7erikleri izin al\u0131nmadan, kaynak g\u00f6sterilerek dahi iktibas edilemez. Kanuna ayk\u0131r\u0131 ve izinsiz olarak kopyalanamaz, ba\u015fka yerde yay\u0131nlanamaz.<\/p>\n","protected":false},"excerpt":{"rendered":"<p>Fenerbah\u00e7e&#8217;nin sahas\u0131nda Gen\u00e7lerbirli\u011fi&#8217;ni 3-1 ma\u011flup etti\u011fi ma\u00e7\u0131n ard\u0131ndan eski futbolcu ve spor yorumcusu Nihat Kahveci, sar\u0131-lacivertli tak\u0131m\u0131n\u0131n&#8230;<\/p>\n","protected":false},"author":2,"featured_media":649,"comment_status":"open","ping_status":"open","sticky":false,"template":"","format":"standard","meta":{"footnotes":""},"categories":[8,1],"tags":[],"class_list":["post-650","post","type-post","status-publish","format-standard","has-post-thumbnail","hentry","category-arsiv","category-uncategorized"],"_links":{"self":[{"href":"https:\/\/eskigazeteci.com\/index.php?rest_route=\/wp\/v2\/posts\/650","targetHints":{"allow":["GET"]}}],"collection":[{"href":"https:\/\/eskigazeteci.com\/index.php?rest_route=\/wp\/v2\/posts"}],"about":[{"href":"https:\/\/eskigazeteci.com\/index.php?rest_route=\/wp\/v2\/types\/post"}],"author":[{"embeddable":true,"href":"https:\/\/eskigazeteci.com\/index.php?rest_route=\/wp\/v2\/users\/2"}],"replies":[{"embeddable":true,"href":"https:\/\/eskigazeteci.com\/index.php?rest_route=%2Fwp%2Fv2%2Fcomments&post=650"}],"version-history":[{"count":0,"href":"https:\/\/eskigazeteci.com\/index.php?rest_route=\/wp\/v2\/posts\/650\/revisions"}],"wp:featuredmedia":[{"embeddable":true,"href":"https:\/\/eskigazeteci.com\/index.php?rest_route=\/wp\/v2\/media\/649"}],"wp:attachment":[{"href":"https:\/\/eskigazeteci.com\/index.php?rest_route=%2Fwp%2Fv2%2Fmedia&parent=650"}],"wp:term":[{"taxonomy":"category","embeddable":true,"href":"https:\/\/eskigazeteci.com\/index.php?rest_route=%2Fwp%2Fv2%2Fcategories&post=650"},{"taxonomy":"post_tag","embeddable":true,"href":"https:\/\/eskigazeteci.com\/index.php?rest_route=%2Fwp%2Fv2%2Ftags&post=650"}],"curies":[{"name":"wp","href":"https:\/\/api.w.org\/{rel}","templated":true}]}}