{"id":648,"date":"2026-02-10T07:23:02","date_gmt":"2026-02-10T07:23:02","guid":{"rendered":"https:\/\/eskigazeteci.com\/?p=648"},"modified":"2026-02-10T07:23:02","modified_gmt":"2026-02-10T07:23:02","slug":"fenerbahce-avrupa-ligi-mac-takvimi-2026","status":"publish","type":"post","link":"https:\/\/eskigazeteci.com\/?p=648","title":{"rendered":"Fenerbah\u00e7e Avrupa Ligi ma\u00e7 takvimi 2026"},"content":{"rendered":"<p>Fenerbah\u00e7e, Avrupa Ligi&#x27;nde ba\u015far\u0131l\u0131 bir sezon ge\u00e7irdi ve ad\u0131n\u0131 play-off turuna yazd\u0131rmay\u0131 ba\u015fard\u0131. Temsilcimiz yap\u0131lan kura \u00e7ekimi ile play-off m\u00fccadelesinde Nottingham Forest ile e\u015fle\u015fti. Sar\u0131 lacivertli ekip, bu zorlu m\u00fccadeleyi de ge\u00e7erse Avrupa maceras\u0131na devam edecek ve son 16 turunda sahada olacak. Sporseverler de Fenerbah\u00e7e Nottingham Forest ma\u00e7\u0131 tarihine odakland\u0131. Peki Fenerbah\u00e7e Avrupa Ligi ma\u00e7\u0131 ne zaman, saat ka\u00e7ta oynanacak? \u0130\u015fte ayr\u0131nt\u0131lar&#8230;<\/p>\n<p>Fenerbah\u00e7e&#x27;nin UEFA Avrupa Ligi play-off turunda \u0130ngiliz ekibi Nottingham Forest ile oynayaca\u011f\u0131 ma\u00e7lar\u0131n saatleri belli oldu.<\/p>\n<p>\u00c7ift ma\u00e7l\u0131 eleme sisteminin uygulanaca\u011f\u0131 play-off turunda ilk ma\u00e7 19 \u015eubat Per\u015fembe g\u00fcn\u00fc Chobani Stadyumu Fenerbah\u00e7e \u015e\u00fckr\u00fc Saraco\u011flu Spor Kompleksi\u2019nde oynanacak. M\u00fccadelenin ba\u015flama saati 20.45 olacak. 26 \u015eubat Per\u015fembe g\u00fcn\u00fc City Ground\u2019da oynanacak kar\u015f\u0131la\u015fman\u0131n ba\u015flama saati ise 23.00 olarak a\u00e7\u0131kland\u0131.<\/p>\n<p>\u00c7ift ma\u00e7l\u0131 eleme sisteminin uygulanaca\u011f\u0131 play-off turunda ilk ma\u00e7 19 \u015eubat Per\u015fembe g\u00fcn\u00fc Chobani Stadyumu Fenerbah\u00e7e \u015e\u00fckr\u00fc Saraco\u011flu Spor Kompleksi\u2019nde oynanacak. M\u00fccadelenin ba\u015flama saati 20.45 olacak.<\/p>\n<p>26 \u015eubat Per\u015fembe g\u00fcn\u00fc City Ground\u2019da oynanacak kar\u015f\u0131la\u015fman\u0131n ba\u015flama saati ise 23.00 olarak a\u00e7\u0131kland\u0131.<\/p>\n<p>Fenerbah\u00e7e &#8211; Nottingham Forest Dinamo Zagreb &#8211; Genk Brann Bergen &#8211; Bologna Ludogorets &#8211; Feren\u00e7varo\u015f Celtic &#8211; Stuttgart Panathinaikos &#8211; Viktoria Plzen PAOK &#8211; Celta Vigo Lille &#8211; K\u0131z\u0131ly\u0131ld\u0131z<\/p>\n<p>Fenerbah\u00e7e &#8211; Nottingham Forest Dinamo Zagreb &#8211; Genk Brann Bergen &#8211; Bologna Ludogorets &#8211; Feren\u00e7varo\u015f Celtic &#8211; Stuttgart Panathinaikos &#8211; Viktoria Plzen PAOK &#8211; Celta Vigo Lille &#8211; K\u0131z\u0131ly\u0131ld\u0131z<\/p>\n<p>Nottingham Forest, Avrupa Ligi&#x27;nde oynad\u0131\u011f\u0131 8 ma\u00e7ta 4 galibiyet, 2 beraberlik ve 2 ma\u011flubiyet alarak 14 puan toplad\u0131. \u0130ngiliz ekibi lig a\u015famas\u0131n\u0131 13. s\u0131rada bitirdi. Premier Lig&#x27;de ise 25 puanla 17. s\u0131rada yer alan Nottingham Forest, \u00e7\u0131kt\u0131\u011f\u0131 23 ma\u00e7ta 7 galibiyet, 4 beraberlik ve 12 ma\u011flubiyet ald\u0131.<\/p>\n<p>Nottingham Forest, Avrupa Ligi&#x27;nde oynad\u0131\u011f\u0131 8 ma\u00e7ta 4 galibiyet, 2 beraberlik ve 2 ma\u011flubiyet alarak 14 puan toplad\u0131. \u0130ngiliz ekibi lig a\u015famas\u0131n\u0131 13. s\u0131rada bitirdi.<\/p>\n<p>Premier Lig&#x27;de ise 25 puanla 17. s\u0131rada yer alan Nottingham Forest, \u00e7\u0131kt\u0131\u011f\u0131 23 ma\u00e7ta 7 galibiyet, 4 beraberlik ve 12 ma\u011flubiyet ald\u0131.<\/p>\n<p>Nottingham Forest, ma\u00e7lar\u0131n\u0131 30.404 kapasiteli City Ground&#x27;da oynuyor. \u0130ngiliz ekibinin g\u00fcncel kadrosunun piyasa de\u011feri 603 milyon euro.<\/p>\n<p>Nottingham Forest, ma\u00e7lar\u0131n\u0131 30.404 kapasiteli City Ground&#x27;da oynuyor.<\/p>\n<p>\u0130ngiliz ekibinin g\u00fcncel kadrosunun piyasa de\u011feri 603 milyon euro.<\/p>\n<p>19 \u015eubat Per\u015fembe: 20.45 Fenerbah\u00e7e-Nottingham Forest (\u0130ngiltere) 20.45 Dinamo Zagreb (H\u0131rvatistan)-Genk (Bel\u00e7ika) 20.45 PAOK (Yunanistan)- Celta Vigo (\u0130spanya) 20.45 Brann (Norve\u00e7)-Bologna (\u0130talya) 23.00 Celtic (\u0130sko\u00e7ya)-Stuttgart (Almanya) 23.00 Lille (Fransa)- K\u0131z\u0131ly\u0131ld\u0131z (S\u0131rbistan) 23.00 Panathinaikos (Yunanistan)-Viktoria Plzen (\u00c7ekya) 23.00 PFC Ludogorets (Bulgaristan)-Ferencvaros (Macaristan) R\u00f6van\u015f ma\u00e7lar\u0131n\u0131n program\u0131 ise \u015f\u00f6yle: 26 \u015eubat Per\u015fembe: 20.45 Viktoria Plzen (\u00c7ekya)-Panathinaikos (Yunanistan) 20.45 Ferencvaros (Macaristan)-Ludogorets (Bulgaristan) 20.45 K\u0131z\u0131ly\u0131ld\u0131z (S\u0131rbistan)-Lille (Fransa) 20.45 Stuttgart (Almanya)-Celtic (\u0130sko\u00e7ya) 23.00 Bologna (\u0130talya)-Brann (Norve\u00e7) 23.00 Genk (Bel\u00e7ika)-Dinamo Zagreb (H\u0131rvatistan) 23.00 Nottingham Forest (\u0130ngiltere)-Fenerbah\u00e7e 23.00 Celta Vigo (\u0130spanya)-PAOK (Yunanistan)<\/p>\n<p>19 \u015eubat Per\u015fembe:<\/p>\n<p>20.45 Fenerbah\u00e7e-Nottingham Forest (\u0130ngiltere)<\/p>\n<p>20.45 Dinamo Zagreb (H\u0131rvatistan)-Genk (Bel\u00e7ika)<\/p>\n<p>20.45 PAOK (Yunanistan)- Celta Vigo (\u0130spanya)<\/p>\n<p>20.45 Brann (Norve\u00e7)-Bologna (\u0130talya)<\/p>\n<p>23.00 Celtic (\u0130sko\u00e7ya)-Stuttgart (Almanya)<\/p>\n<p>23.00 Lille (Fransa)- K\u0131z\u0131ly\u0131ld\u0131z (S\u0131rbistan)<\/p>\n<p>23.00 Panathinaikos (Yunanistan)-Viktoria Plzen (\u00c7ekya)<\/p>\n<p>23.00 PFC Ludogorets (Bulgaristan)-Ferencvaros (Macaristan)<\/p>\n<p>R\u00f6van\u015f ma\u00e7lar\u0131n\u0131n program\u0131 ise \u015f\u00f6yle:<\/p>\n<p>26 \u015eubat Per\u015fembe:<\/p>\n<p>20.45 Viktoria Plzen (\u00c7ekya)-Panathinaikos (Yunanistan)<\/p>\n<p>20.45 Ferencvaros (Macaristan)-Ludogorets (Bulgaristan)<\/p>\n<p>20.45 K\u0131z\u0131ly\u0131ld\u0131z (S\u0131rbistan)-Lille (Fransa)<\/p>\n<p>20.45 Stuttgart (Almanya)-Celtic (\u0130sko\u00e7ya)<\/p>\n<p>23.00 Bologna (\u0130talya)-Brann (Norve\u00e7)<\/p>\n<p>23.00 Genk (Bel\u00e7ika)-Dinamo Zagreb (H\u0131rvatistan)<\/p>\n<p>23.00 Nottingham Forest (\u0130ngiltere)-Fenerbah\u00e7e<\/p>\n<p>23.00 Celta Vigo (\u0130spanya)-PAOK (Yunanistan)<\/p>\n<p>T\u00fcrkiye&#x27;den ve D\u00fcnya\u2019dan son dakika haberleri, k\u00f6\u015fe yaz\u0131lar\u0131, magazinden siyasete, spordan seyahate b\u00fct\u00fcn konular\u0131n tek adresi Hurriyet.com.tr haber i\u00e7erikleri izin al\u0131nmadan, kaynak g\u00f6sterilerek dahi iktibas edilemez. Kanuna ayk\u0131r\u0131 ve izinsiz olarak kopyalanamaz, ba\u015fka yerde yay\u0131nlanamaz.<\/p>\n","protected":false},"excerpt":{"rendered":"<p>Fenerbah\u00e7e Avrupa Ligi ma\u00e7 tarihi ve saati belli oldu. Sar\u0131 lacivertli ekip, Avrupa Ligi play-off turunda \u0130ngiliz ekibi Nottingham Forest ile kar\u015f\u0131 kar\u015f\u0131ya&#8230;<\/p>\n","protected":false},"author":2,"featured_media":647,"comment_status":"open","ping_status":"open","sticky":false,"template":"","format":"standard","meta":{"footnotes":""},"categories":[8,1],"tags":[],"class_list":["post-648","post","type-post","status-publish","format-standard","has-post-thumbnail","hentry","category-arsiv","category-uncategorized"],"_links":{"self":[{"href":"https:\/\/eskigazeteci.com\/index.php?rest_route=\/wp\/v2\/posts\/648","targetHints":{"allow":["GET"]}}],"collection":[{"href":"https:\/\/eskigazeteci.com\/index.php?rest_route=\/wp\/v2\/posts"}],"about":[{"href":"https:\/\/eskigazeteci.com\/index.php?rest_route=\/wp\/v2\/types\/post"}],"author":[{"embeddable":true,"href":"https:\/\/eskigazeteci.com\/index.php?rest_route=\/wp\/v2\/users\/2"}],"replies":[{"embeddable":true,"href":"https:\/\/eskigazeteci.com\/index.php?rest_route=%2Fwp%2Fv2%2Fcomments&post=648"}],"version-history":[{"count":0,"href":"https:\/\/eskigazeteci.com\/index.php?rest_route=\/wp\/v2\/posts\/648\/revisions"}],"wp:featuredmedia":[{"embeddable":true,"href":"https:\/\/eskigazeteci.com\/index.php?rest_route=\/wp\/v2\/media\/647"}],"wp:attachment":[{"href":"https:\/\/eskigazeteci.com\/index.php?rest_route=%2Fwp%2Fv2%2Fmedia&parent=648"}],"wp:term":[{"taxonomy":"category","embeddable":true,"href":"https:\/\/eskigazeteci.com\/index.php?rest_route=%2Fwp%2Fv2%2Fcategories&post=648"},{"taxonomy":"post_tag","embeddable":true,"href":"https:\/\/eskigazeteci.com\/index.php?rest_route=%2Fwp%2Fv2%2Ftags&post=648"}],"curies":[{"name":"wp","href":"https:\/\/api.w.org\/{rel}","templated":true}]}}