{"id":646,"date":"2026-02-10T07:23:00","date_gmt":"2026-02-10T07:23:00","guid":{"rendered":"https:\/\/eskigazeteci.com\/?p=646"},"modified":"2026-02-10T07:23:00","modified_gmt":"2026-02-10T07:23:00","slug":"trabzonda-8-metre-derinlikte-bulundu-2-metre-kalinliginda-135-metre-uzunlugunda-dunyada-bilinen-3-tane-var-biri-burada","status":"publish","type":"post","link":"https:\/\/eskigazeteci.com\/?p=646","title":{"rendered":"Trabzon&#8217;da 8 metre derinlikte bulundu: 2 metre kal\u0131nl\u0131\u011f\u0131nda 135 metre uzunlu\u011funda! &#8216;D\u00fcnyada bilinen 3 tane var, biri burada&#8217;"},"content":{"rendered":"<p>Kuzgundere Deresi&#x27;ne ba\u011fl\u0131 oldu\u011fu belirlenen yap\u0131n\u0131n, M.\u00d6. 1. y\u00fczy\u0131l ile M.S. 1. y\u00fczy\u0131l aras\u0131na tarihlendi\u011fi ve Roma&#x27;dan Cumhuriyet d\u00f6nemine kadar d\u00f6rt farkl\u0131 uygarl\u0131\u011f\u0131n izlerini ta\u015f\u0131d\u0131\u011f\u0131 tespit edildi.<\/p>\n<p>Kuzgundere Deresi&#x27;ne ba\u011fl\u0131 oldu\u011fu belirlenen yap\u0131n\u0131n, M.\u00d6. 1. y\u00fczy\u0131l ile M.S. 1. y\u00fczy\u0131l aras\u0131na tarihlendi\u011fi ve Roma&#x27;dan Cumhuriyet d\u00f6nemine kadar d\u00f6rt farkl\u0131 uygarl\u0131\u011f\u0131n izlerini ta\u015f\u0131d\u0131\u011f\u0131 tespit edildi.<\/p>\n<p>2024 y\u0131l\u0131nda ba\u015flat\u0131lan arkeolojik kaz\u0131 ve restorasyon \u00e7al\u0131\u015fmalar\u0131nda, yakla\u015f\u0131k 6\u20138 metre derinlikte uzanan, 2 metre kal\u0131nl\u0131\u011f\u0131nda ve 135 metre uzunlu\u011fundaki r\u0131ht\u0131m duvar\u0131 g\u00fcn y\u00fcz\u00fcne \u00e7\u0131kar\u0131ld\u0131.<\/p>\n<p>2024 y\u0131l\u0131nda ba\u015flat\u0131lan arkeolojik kaz\u0131 ve restorasyon \u00e7al\u0131\u015fmalar\u0131nda, yakla\u015f\u0131k 6\u20138 metre derinlikte uzanan, 2 metre kal\u0131nl\u0131\u011f\u0131nda ve 135 metre uzunlu\u011fundaki r\u0131ht\u0131m duvar\u0131 g\u00fcn y\u00fcz\u00fcne \u00e7\u0131kar\u0131ld\u0131.<\/p>\n<p>Bulunan arkeolojik eserler, Trabzon&#x27;un ticari ge\u00e7mi\u015finin Milat&#x27;tan \u00f6ncesine uzand\u0131\u011f\u0131n\u0131 ortaya koydu.<\/p>\n<p>Bulunan arkeolojik eserler, Trabzon&#x27;un ticari ge\u00e7mi\u015finin Milat&#x27;tan \u00f6ncesine uzand\u0131\u011f\u0131n\u0131 ortaya koydu.<\/p>\n<p>Trabzon&#x27;un Ortahisar il\u00e7esine ba\u011fl\u0131 Pazarkap\u0131 Mahallesi&#x27;nde 2020 y\u0131l\u0131nda y\u0131k\u0131lan Kad\u0131nlar Hali Pazar\u0131&#x27;n\u0131n alt\u0131nda antik bir r\u0131ht\u0131m yap\u0131s\u0131 ortaya \u00e7\u0131kt\u0131. Pazaryeri in\u015faat\u0131n\u0131n revize edilmesinin ard\u0131ndan ba\u015flat\u0131lan arkeolojik kaz\u0131 ve restorasyon \u00e7al\u0131\u015fmalar\u0131nda, yap\u0131n\u0131n tarihinin M.\u00d6. birinci y\u00fczy\u0131l ile M.S. birinci y\u00fczy\u0131l aras\u0131na uzand\u0131\u011f\u0131 belirlendi. 2024 y\u0131l\u0131nda h\u0131z kazanan \u00e7al\u0131\u015fmalarda, r\u0131ht\u0131m alan\u0131n\u0131n tarih boyunca Roma, Bizans, Osmanl\u0131 ve Cumhuriyet d\u00f6nemlerine ev sahipli\u011fi yapt\u0131\u011f\u0131 belirlendi. Lokal kaz\u0131larla ba\u015flayan s\u00fcre\u00e7te, duvar yap\u0131s\u0131n\u0131n a\u015fa\u011f\u0131 do\u011fru devam etti\u011fi ve ana duvara dik konumda yeni duvarlar\u0131n bulundu\u011fu tespit edildi.<\/p>\n<p>Trabzon&#x27;un Ortahisar il\u00e7esine ba\u011fl\u0131 Pazarkap\u0131 Mahallesi&#x27;nde 2020 y\u0131l\u0131nda y\u0131k\u0131lan Kad\u0131nlar Hali Pazar\u0131&#x27;n\u0131n alt\u0131nda antik bir r\u0131ht\u0131m yap\u0131s\u0131 ortaya \u00e7\u0131kt\u0131. Pazaryeri in\u015faat\u0131n\u0131n revize edilmesinin ard\u0131ndan ba\u015flat\u0131lan arkeolojik kaz\u0131 ve restorasyon \u00e7al\u0131\u015fmalar\u0131nda, yap\u0131n\u0131n tarihinin M.\u00d6. birinci y\u00fczy\u0131l ile M.S. birinci y\u00fczy\u0131l aras\u0131na uzand\u0131\u011f\u0131 belirlendi.<\/p>\n<p>2024 y\u0131l\u0131nda h\u0131z kazanan \u00e7al\u0131\u015fmalarda, r\u0131ht\u0131m alan\u0131n\u0131n tarih boyunca Roma, Bizans, Osmanl\u0131 ve Cumhuriyet d\u00f6nemlerine ev sahipli\u011fi yapt\u0131\u011f\u0131 belirlendi. Lokal kaz\u0131larla ba\u015flayan s\u00fcre\u00e7te, duvar yap\u0131s\u0131n\u0131n a\u015fa\u011f\u0131 do\u011fru devam etti\u011fi ve ana duvara dik konumda yeni duvarlar\u0131n bulundu\u011fu tespit edildi.<\/p>\n<p>Yakla\u015f\u0131k 8 metre derinli\u011fe kadar inilen kaz\u0131 alan\u0131nda \u00e7ok say\u0131da arkeolojik buluntuya da ula\u015f\u0131ld\u0131. D\u00f6nemsel olarak ciddi tahribatlara u\u011frad\u0131\u011f\u0131 belirlenen duvarlarda, ge\u00e7mi\u015f y\u0131llarda d\u00f6k\u00fclen \u00e7imentolar s\u00f6k\u00fclerek \u00f6zg\u00fcn yap\u0131ya zarar vermeyen restorasyon teknikleri uygulan\u0131yor.<\/p>\n<p>Yakla\u015f\u0131k 8 metre derinli\u011fe kadar inilen kaz\u0131 alan\u0131nda \u00e7ok say\u0131da arkeolojik buluntuya da ula\u015f\u0131ld\u0131. D\u00f6nemsel olarak ciddi tahribatlara u\u011frad\u0131\u011f\u0131 belirlenen duvarlarda, ge\u00e7mi\u015f y\u0131llarda d\u00f6k\u00fclen \u00e7imentolar s\u00f6k\u00fclerek \u00f6zg\u00fcn yap\u0131ya zarar vermeyen restorasyon teknikleri uygulan\u0131yor.<\/p>\n<p>G\u00fc\u00e7lendirme \u00e7al\u0131\u015fmalar\u0131n\u0131n ard\u0131ndan \u00f6r\u00fcmler tamamlan\u0131yor ve derz i\u015flemleri yap\u0131l\u0131yor, ard\u0131ndan duvar\u0131n i\u00e7indeki har\u00e7l\u0131 yap\u0131n\u0131n bozulmas\u0131yla olu\u015fan bo\u015fluklu alanlara ise hidrolik kire\u00e7 esasl\u0131 enjeksiyon malzemesi ile enjeksiyon imalat\u0131 ger\u00e7ekle\u015ftiriliyor.<\/p>\n<p>G\u00fc\u00e7lendirme \u00e7al\u0131\u015fmalar\u0131n\u0131n ard\u0131ndan \u00f6r\u00fcmler tamamlan\u0131yor ve derz i\u015flemleri yap\u0131l\u0131yor, ard\u0131ndan duvar\u0131n i\u00e7indeki har\u00e7l\u0131 yap\u0131n\u0131n bozulmas\u0131yla olu\u015fan bo\u015fluklu alanlara ise hidrolik kire\u00e7 esasl\u0131 enjeksiyon malzemesi ile enjeksiyon imalat\u0131 ger\u00e7ekle\u015ftiriliyor.<\/p>\n<p>T\u0130CAR\u0130 \u0130L\u0130\u015eK\u0130LER\u0130 BELGELEYEN BULUNTULAR ORTAYA \u00c7IKTI Kaz\u0131lar s\u0131ras\u0131nda \u00f6n b\u00f6l\u00fcmde bulunan ve K\u0131r\u0131m yap\u0131m\u0131 oldu\u011fu belirlenen bir kandil, Trabzon&#x27;un K\u0131r\u0131m ile olan ticari ili\u015fkilerini belgeleyen \u00f6nemli bir buluntu olarak de\u011ferlendirildi. Ayr\u0131ca Bizans d\u00f6nemine ait \u00e7anak ve \u00e7\u00f6mlek par\u00e7alar\u0131 da g\u00fcn y\u00fcz\u00fcne \u00e7\u0131kar\u0131ld\u0131.<\/p>\n<p>T\u0130CAR\u0130 \u0130L\u0130\u015eK\u0130LER\u0130 BELGELEYEN BULUNTULAR ORTAYA \u00c7IKTI<\/p>\n<p>Kaz\u0131lar s\u0131ras\u0131nda \u00f6n b\u00f6l\u00fcmde bulunan ve K\u0131r\u0131m yap\u0131m\u0131 oldu\u011fu belirlenen bir kandil, Trabzon&#x27;un K\u0131r\u0131m ile olan ticari ili\u015fkilerini belgeleyen \u00f6nemli bir buluntu olarak de\u011ferlendirildi. Ayr\u0131ca Bizans d\u00f6nemine ait \u00e7anak ve \u00e7\u00f6mlek par\u00e7alar\u0131 da g\u00fcn y\u00fcz\u00fcne \u00e7\u0131kar\u0131ld\u0131.<\/p>\n<p>Bu buluntular, Trabzon&#x27;un ticari ge\u00e7mi\u015finin Milat&#x27;tan \u00f6ncesine uzand\u0131\u011f\u0131n\u0131 somut verilerle ortaya koydu. Yakla\u015f\u0131k 2 metre kal\u0131nl\u0131\u011f\u0131nda ve 135 metre uzunlu\u011funda oldu\u011fu belirlenen r\u0131ht\u0131m duvar\u0131nda, biri kemerli olmak \u00fczere iki kap\u0131ya ait izler bulundu. Kap\u0131lardan birinin daha eski bir d\u00f6neme ait oldu\u011fu de\u011ferlendirilirken, dere liman\u0131n\u0131n i\u015flevi ve kullan\u0131m s\u00fcrecine ili\u015fkin arkeolojik \u00e7al\u0131\u015fmalar s\u00fcr\u00fcyor.<\/p>\n<p>Bu buluntular, Trabzon&#x27;un ticari ge\u00e7mi\u015finin Milat&#x27;tan \u00f6ncesine uzand\u0131\u011f\u0131n\u0131 somut verilerle ortaya koydu. Yakla\u015f\u0131k 2 metre kal\u0131nl\u0131\u011f\u0131nda ve 135 metre uzunlu\u011funda oldu\u011fu belirlenen r\u0131ht\u0131m duvar\u0131nda, biri kemerli olmak \u00fczere iki kap\u0131ya ait izler bulundu. Kap\u0131lardan birinin daha eski bir d\u00f6neme ait oldu\u011fu de\u011ferlendirilirken, dere liman\u0131n\u0131n i\u015flevi ve kullan\u0131m s\u00fcrecine ili\u015fkin arkeolojik \u00e7al\u0131\u015fmalar s\u00fcr\u00fcyor.<\/p>\n<p>B\u0130R DERE L\u0130MANI OLDU\u011eU TESP\u0130T ED\u0130LD\u0130 \u00d6te yandan, Arkeolog Vedat Kele\u015f ve Koruma Uzman\u0131 Ya\u015far Sel\u00e7uk \u015eener taraf\u0131ndan y\u00fcr\u00fct\u00fclen \u00e7al\u0131\u015fmalarda Kuzgundere Deresi&#x27;ne ba\u011fl\u0131 oldu\u011fu belirlenen yap\u0131n\u0131n d\u00fcnyada bilinen \u00fc\u00e7 dere liman\u0131ndan biri oldu\u011fu tespit edildi. Bu durum, antik d\u00f6nemde Trabzon&#x27;da sadece deniz ticaretinin de\u011fil, dere ve i\u00e7 limanlar \u00fczerinden y\u00fcr\u00fct\u00fclen ticari faaliyetlerin de \u00f6nemli bir yere sahip oldu\u011funu ortaya koydu.<\/p>\n<p>B\u0130R DERE L\u0130MANI OLDU\u011eU TESP\u0130T ED\u0130LD\u0130<\/p>\n<p>\u00d6te yandan, Arkeolog Vedat Kele\u015f ve Koruma Uzman\u0131 Ya\u015far Sel\u00e7uk \u015eener taraf\u0131ndan y\u00fcr\u00fct\u00fclen \u00e7al\u0131\u015fmalarda Kuzgundere Deresi&#x27;ne ba\u011fl\u0131 oldu\u011fu belirlenen yap\u0131n\u0131n d\u00fcnyada bilinen \u00fc\u00e7 dere liman\u0131ndan biri oldu\u011fu tespit edildi.<\/p>\n<p>Bu durum, antik d\u00f6nemde Trabzon&#x27;da sadece deniz ticaretinin de\u011fil, dere ve i\u00e7 limanlar \u00fczerinden y\u00fcr\u00fct\u00fclen ticari faaliyetlerin de \u00f6nemli bir yere sahip oldu\u011funu ortaya koydu.<\/p>\n<p>&quot;KAZILAR ESNASINDA B\u0130R\u00c7OK BULUNTUYA RASTLADIK&quot; \u00c7al\u0131\u015fmalar ile ilgili bilgiler veren \u0130n\u015faat M\u00fchendisi Beyza Nur Y\u0131lmaz, dere liman\u0131n\u0131n d\u00f6rt tane uygarl\u0131k g\u00f6rd\u00fc\u011f\u00fcn\u00fc belirterek, &quot;Bu liman Kad\u0131nlar pazar\u0131 in\u015faat\u0131nda kaz\u0131 yap\u0131l\u0131rken ortaya \u00e7\u0131k\u0131yor. Bu liman ortaya \u00e7\u0131k\u0131nca proje revizeye u\u011fruyor. Liman\u0131n ortaya \u00e7\u0131kart\u0131lmas\u0131 i\u00e7in ba\u015flanan kaza \u00e7al\u0131\u015fmalar\u0131nda d\u00fcnyada \u00fc\u00e7 tane bulunan bir limana rastl\u0131yorlar.<\/p>\n<p>&quot;KAZILAR ESNASINDA B\u0130R\u00c7OK BULUNTUYA RASTLADIK&quot;<\/p>\n<p>\u00c7al\u0131\u015fmalar ile ilgili bilgiler veren \u0130n\u015faat M\u00fchendisi Beyza Nur Y\u0131lmaz, dere liman\u0131n\u0131n d\u00f6rt tane uygarl\u0131k g\u00f6rd\u00fc\u011f\u00fcn\u00fc belirterek, &quot;Bu liman Kad\u0131nlar pazar\u0131 in\u015faat\u0131nda kaz\u0131 yap\u0131l\u0131rken ortaya \u00e7\u0131k\u0131yor. Bu liman ortaya \u00e7\u0131k\u0131nca proje revizeye u\u011fruyor. Liman\u0131n ortaya \u00e7\u0131kart\u0131lmas\u0131 i\u00e7in ba\u015flanan kaza \u00e7al\u0131\u015fmalar\u0131nda d\u00fcnyada \u00fc\u00e7 tane bulunan bir limana rastl\u0131yorlar.<\/p>\n<p>Yap\u0131lan \u00e7al\u0131\u015fmada buran\u0131n bir dere liman\u0131 oldu\u011fu belirleniyor. Bu liman\u0131n ser\u00fcveninin tarihi M.\u00d6. birinci y\u00fczy\u0131lla M.S. birinci y\u00fczy\u0131l aras\u0131nda ba\u015fl\u0131yor. Buras\u0131 d\u00f6rt tane uygarl\u0131k g\u00f6r\u00fcyor. Roma, Bizans, Osmanl\u0131 ve Cumhuriyet d\u00f6nemi. Kimsenin bu duvar\u0131n ve limandan haberi yoktu. 2024 y\u0131l\u0131nda burada restorasyon \u00e7al\u0131\u015fmas\u0131 ba\u015flad\u0131.<\/p>\n<p>Yap\u0131lan \u00e7al\u0131\u015fmada buran\u0131n bir dere liman\u0131 oldu\u011fu belirleniyor. Bu liman\u0131n ser\u00fcveninin tarihi M.\u00d6. birinci y\u00fczy\u0131lla M.S. birinci y\u00fczy\u0131l aras\u0131nda ba\u015fl\u0131yor. Buras\u0131 d\u00f6rt tane uygarl\u0131k g\u00f6r\u00fcyor. Roma, Bizans, Osmanl\u0131 ve Cumhuriyet d\u00f6nemi. Kimsenin bu duvar\u0131n ve limandan haberi yoktu. 2024 y\u0131l\u0131nda burada restorasyon \u00e7al\u0131\u015fmas\u0131 ba\u015flad\u0131.<\/p>\n<p>Normalde kaz\u0131lar\u0131 bu kadar geni\u015fletmeyecektik fakat lokal kaz\u0131lar sonucunda bakt\u0131k ki duvar a\u015fa\u011f\u0131ya do\u011fru devam ediyor. \u00d6n kotu da a\u015fa\u011f\u0131da oldu\u011fu i\u00e7in dan\u0131\u015fman hocalar\u0131m\u0131z Ya\u015far Sel\u00e7uk \u015eener ve Vedat Kele\u015f \u00f6nderli\u011finde bu kaz\u0131lar\u0131n ilerletilmesine karar verildi. Bu \u00e7al\u0131\u015fma hem duvar\u0131n topraktan su al\u0131p hasar g\u00f6rmesine engelledi hem de a\u015fa\u011f\u0131da bu duvara dik yeni duvarlar\u0131n varl\u0131\u011f\u0131n\u0131n ke\u015ffedilmesine vesile oldu. Kaz\u0131lar esnas\u0131nda bir\u00e7ok buluntuya da rastlad\u0131k. M\u00fcze denetiminde buluntular incelemeye al\u0131nd\u0131.&quot; dedi.<\/p>\n<p>Normalde kaz\u0131lar\u0131 bu kadar geni\u015fletmeyecektik fakat lokal kaz\u0131lar sonucunda bakt\u0131k ki duvar a\u015fa\u011f\u0131ya do\u011fru devam ediyor. \u00d6n kotu da a\u015fa\u011f\u0131da oldu\u011fu i\u00e7in dan\u0131\u015fman hocalar\u0131m\u0131z Ya\u015far Sel\u00e7uk \u015eener ve Vedat Kele\u015f \u00f6nderli\u011finde bu kaz\u0131lar\u0131n ilerletilmesine karar verildi. Bu \u00e7al\u0131\u015fma hem duvar\u0131n topraktan su al\u0131p hasar g\u00f6rmesine engelledi hem de a\u015fa\u011f\u0131da bu duvara dik yeni duvarlar\u0131n varl\u0131\u011f\u0131n\u0131n ke\u015ffedilmesine vesile oldu. Kaz\u0131lar esnas\u0131nda bir\u00e7ok buluntuya da rastlad\u0131k. M\u00fcze denetiminde buluntular incelemeye al\u0131nd\u0131.&quot; dedi.<\/p>\n<p>&quot;DUVAR D\u00d6NEMSEL OLARAK B\u0130R \u00c7OK TAHR\u0130BATA U\u011eRAMI\u015e&quot; 6-8 metre derinli\u011finde kaz\u0131lar\u0131n yap\u0131ld\u0131\u011f\u0131na dikkat \u00e7eken Y\u0131lmaz, &quot;Zemini bulana kadar iniyoruz. Tabii ki duvar d\u00f6nemsel olarak bir \u00e7ok tahribata u\u011fram\u0131\u015f. \u00c7imento bu tarz duvarlara zarar veriyor. \u00c7imentolu olan imalatlar\u0131 kald\u0131r\u0131yoruz. Kald\u0131rd\u0131ktan sonra g\u00fc\u00e7lendirme yap\u0131yoruz.<\/p>\n<p>&quot;DUVAR D\u00d6NEMSEL OLARAK B\u0130R \u00c7OK TAHR\u0130BATA U\u011eRAMI\u015e&quot;<\/p>\n<p>6-8 metre derinli\u011finde kaz\u0131lar\u0131n yap\u0131ld\u0131\u011f\u0131na dikkat \u00e7eken Y\u0131lmaz, &quot;Zemini bulana kadar iniyoruz. Tabii ki duvar d\u00f6nemsel olarak bir \u00e7ok tahribata u\u011fram\u0131\u015f. \u00c7imento bu tarz duvarlara zarar veriyor. \u00c7imentolu olan imalatlar\u0131 kald\u0131r\u0131yoruz. Kald\u0131rd\u0131ktan sonra g\u00fc\u00e7lendirme yap\u0131yoruz.<\/p>\n<p>D\u0131\u015f \u00f6rg\u00fcs\u00fcnden sonra derzlerini yap\u0131yoruz. Bu i\u015flemlerden sonra duvar\u0131n ince hortumlarla bo\u015falan i\u00e7 k\u0131s\u0131mlar\u0131na hidrolik kire\u00e7 esasl\u0131 enjeksiyon imalat\u0131 yap\u0131yoruz. B\u00f6ylece duvar\u0131n i\u00e7indeki b\u00fct\u00fcn bo\u015fluklar doluyor ve duvar kendini daha \u00e7ok tutuyor ve sa\u011flamla\u015f\u0131yor. Bu imalat akabinde de kurulla birlikte capping yapmaya karar verdik. Capping duvar\u0131n en son a\u015famas\u0131 \u00fcst k\u0131sm\u0131na ya\u011fmur suyu, toz, kir girmesin ve i\u00e7indeki yapt\u0131\u011f\u0131n\u0131z imalatlar\u0131 bozmas\u0131n diye \u00fcst\u00fcne bir kapama yap\u0131yoruz. Bu i\u015flem duvar\u0131 gelece\u011fe ta\u015f\u0131yor&quot; \u015feklinde konu\u015ftu.<\/p>\n<p>D\u0131\u015f \u00f6rg\u00fcs\u00fcnden sonra derzlerini yap\u0131yoruz. Bu i\u015flemlerden sonra duvar\u0131n ince hortumlarla bo\u015falan i\u00e7 k\u0131s\u0131mlar\u0131na hidrolik kire\u00e7 esasl\u0131 enjeksiyon imalat\u0131 yap\u0131yoruz. B\u00f6ylece duvar\u0131n i\u00e7indeki b\u00fct\u00fcn bo\u015fluklar doluyor ve duvar kendini daha \u00e7ok tutuyor ve sa\u011flamla\u015f\u0131yor. Bu imalat akabinde de kurulla birlikte capping yapmaya karar verdik. Capping duvar\u0131n en son a\u015famas\u0131 \u00fcst k\u0131sm\u0131na ya\u011fmur suyu, toz, kir girmesin ve i\u00e7indeki yapt\u0131\u011f\u0131n\u0131z imalatlar\u0131 bozmas\u0131n diye \u00fcst\u00fcne bir kapama yap\u0131yoruz. Bu i\u015flem duvar\u0131 gelece\u011fe ta\u015f\u0131yor&quot; \u015feklinde konu\u015ftu.<\/p>\n<p>Arkeolojik kaz\u0131larda K\u0131r\u0131m yap\u0131m\u0131 kandil bulundu\u011funu s\u00f6yleyen Y\u0131lmaz, &quot;Arkeolojik kaz\u0131larda \u00f6n tarafta bir kandil bulduk. O kandil K\u0131r\u0131m yap\u0131m\u0131 olarak ge\u00e7iyor. Bu da K\u0131r\u0131mla olan ticareti belgeliyor. Trabzon&#x27;un ticaretinin Milat&#x27;tan \u00f6nceye dayand\u0131\u011f\u0131n\u0131 elimizdeki buluntularla g\u00f6rm\u00fc\u015f oluyoruz. Bizans yap\u0131m\u0131 \u00e7anak, \u00e7\u00f6mlekler bulunuyor.<\/p>\n<p>Arkeolojik kaz\u0131larda K\u0131r\u0131m yap\u0131m\u0131 kandil bulundu\u011funu s\u00f6yleyen Y\u0131lmaz, &quot;Arkeolojik kaz\u0131larda \u00f6n tarafta bir kandil bulduk. O kandil K\u0131r\u0131m yap\u0131m\u0131 olarak ge\u00e7iyor. Bu da K\u0131r\u0131mla olan ticareti belgeliyor. Trabzon&#x27;un ticaretinin Milat&#x27;tan \u00f6nceye dayand\u0131\u011f\u0131n\u0131 elimizdeki buluntularla g\u00f6rm\u00fc\u015f oluyoruz. Bizans yap\u0131m\u0131 \u00e7anak, \u00e7\u00f6mlekler bulunuyor.<\/p>\n<p>Duvar 2 metre kal\u0131nl\u0131\u011f\u0131nda. Uzunlu\u011fu 135 metre. Duvarda s\u00f6k\u00fcmleri ve temizlikleri yapt\u0131ktan sonra i\u00e7ine g\u00fc\u00e7lendirmeler yap\u0131yoruz. Duvarda kilit \u015feklide \u00f6r\u00fcmler yap\u0131yoruz ki hem eski hem yeni duvar birbirini tutsun. Enjeksiyon y\u00f6ntemiyle duvar kompakt bir hale gelmi\u015f oluyor.<\/p>\n<p>Duvar 2 metre kal\u0131nl\u0131\u011f\u0131nda. Uzunlu\u011fu 135 metre. Duvarda s\u00f6k\u00fcmleri ve temizlikleri yapt\u0131ktan sonra i\u00e7ine g\u00fc\u00e7lendirmeler yap\u0131yoruz. Duvarda kilit \u015feklide \u00f6r\u00fcmler yap\u0131yoruz ki hem eski hem yeni duvar birbirini tutsun. Enjeksiyon y\u00f6ntemiyle duvar kompakt bir hale gelmi\u015f oluyor.<\/p>\n<p>\u00c7al\u0131\u015fmalar\u0131n ilk zamanlar\u0131nda kemerli dar bir kap\u0131 g\u00f6r\u00fcn\u00fcyordu. Kaz\u0131lar devam ettik\u00e7e iki tane kap\u0131 oldu\u011funu d\u00fc\u015f\u00fcnd\u00fc\u011f\u00fcm\u00fcz yap\u0131lar oldu\u011funu g\u00f6rd\u00fck. Biri kemerli, di\u011feri ise daha eski d\u00f6neme dayanan izleri olan bir a\u00e7\u0131kl\u0131k . Zamanla kullan\u0131mlar\u0131 de\u011fi\u015fti\u011fi i\u00e7in i\u00e7leri \u00f6r\u00fclm\u00fc\u015f ve kapat\u0131lm\u0131\u015f. Malzeme al\u0131\u015fveri\u015fi i\u00e7in kullan\u0131lan b\u00fcy\u00fck kap\u0131lar oldu\u011funu d\u00fc\u015f\u00fcn\u00fcyoruz.<\/p>\n<p>\u00c7al\u0131\u015fmalar\u0131n ilk zamanlar\u0131nda kemerli dar bir kap\u0131 g\u00f6r\u00fcn\u00fcyordu. Kaz\u0131lar devam ettik\u00e7e iki tane kap\u0131 oldu\u011funu d\u00fc\u015f\u00fcnd\u00fc\u011f\u00fcm\u00fcz yap\u0131lar oldu\u011funu g\u00f6rd\u00fck. Biri kemerli, di\u011feri ise daha eski d\u00f6neme dayanan izleri olan bir a\u00e7\u0131kl\u0131k . Zamanla kullan\u0131mlar\u0131 de\u011fi\u015fti\u011fi i\u00e7in i\u00e7leri \u00f6r\u00fclm\u00fc\u015f ve kapat\u0131lm\u0131\u015f. Malzeme al\u0131\u015fveri\u015fi i\u00e7in kullan\u0131lan b\u00fcy\u00fck kap\u0131lar oldu\u011funu d\u00fc\u015f\u00fcn\u00fcyoruz.<\/p>\n<p>Duvar her d\u00f6nem nas\u0131l kullan\u0131lmak isteniyorsa ona g\u00f6re \u015fekillendirilmi\u015f. Kaz\u0131larda en alt seviyelerde duvara dik yap\u0131lar bulduk. Asl\u0131nda duvara dik duvarlar bulduk. O duvarlar\u0131n da d\u00fckkan veya depolama alanlar\u0131 oldu\u011funu d\u00fc\u015f\u00fcn\u00fcyoruz. Sonradan onlar\u0131 da y\u0131km\u0131\u015flar. Sadece kal\u0131nt\u0131lar\u0131 var&quot; ifadelerini kulland\u0131.<\/p>\n<p>Duvar her d\u00f6nem nas\u0131l kullan\u0131lmak isteniyorsa ona g\u00f6re \u015fekillendirilmi\u015f. Kaz\u0131larda en alt seviyelerde duvara dik yap\u0131lar bulduk. Asl\u0131nda duvara dik duvarlar bulduk. O duvarlar\u0131n da d\u00fckkan veya depolama alanlar\u0131 oldu\u011funu d\u00fc\u015f\u00fcn\u00fcyoruz. Sonradan onlar\u0131 da y\u0131km\u0131\u015flar. Sadece kal\u0131nt\u0131lar\u0131 var&quot; ifadelerini kulland\u0131.<\/p>\n<p>T\u00fcrkiye g\u00fcndeminden son dakika haberleri, bug\u00fcn ya\u015fanan en son geli\u015fmeler, siyaset g\u00fcndeminden g\u00fcncel haberler ve b\u00fct\u00fcn son dakika haberleri i\u00e7in H\u00fcrriyet&#x27;in internet haber sitesi hurriyet.com.tr; Hurriyet.com.tr haber i\u00e7erikleri kaynak g\u00f6sterilmeden al\u0131nt\u0131 yap\u0131lamaz, Kanuna ayk\u0131r\u0131 ve izinsiz olarak kopyalanamaz, ba\u015fka yerde yay\u0131nlanamaz.<\/p>\n","protected":false},"excerpt":{"rendered":"<p>Trabzon&#8217;un Ortahisar il\u00e7esine ba\u011fl\u0131 Pazarkap\u0131 Mahallesi&#8217;nde 2020 y\u0131l\u0131nda y\u0131k\u0131lan Kad\u0131nlar Hali Pazar\u0131&#8217;n\u0131n alt\u0131nda, antik d\u00f6neme ait bir dere liman\u0131 ve r\u0131ht\u0131m&#8230;<\/p>\n","protected":false},"author":2,"featured_media":645,"comment_status":"open","ping_status":"open","sticky":false,"template":"","format":"standard","meta":{"footnotes":""},"categories":[8,1],"tags":[],"class_list":["post-646","post","type-post","status-publish","format-standard","has-post-thumbnail","hentry","category-arsiv","category-uncategorized"],"_links":{"self":[{"href":"https:\/\/eskigazeteci.com\/index.php?rest_route=\/wp\/v2\/posts\/646","targetHints":{"allow":["GET"]}}],"collection":[{"href":"https:\/\/eskigazeteci.com\/index.php?rest_route=\/wp\/v2\/posts"}],"about":[{"href":"https:\/\/eskigazeteci.com\/index.php?rest_route=\/wp\/v2\/types\/post"}],"author":[{"embeddable":true,"href":"https:\/\/eskigazeteci.com\/index.php?rest_route=\/wp\/v2\/users\/2"}],"replies":[{"embeddable":true,"href":"https:\/\/eskigazeteci.com\/index.php?rest_route=%2Fwp%2Fv2%2Fcomments&post=646"}],"version-history":[{"count":0,"href":"https:\/\/eskigazeteci.com\/index.php?rest_route=\/wp\/v2\/posts\/646\/revisions"}],"wp:featuredmedia":[{"embeddable":true,"href":"https:\/\/eskigazeteci.com\/index.php?rest_route=\/wp\/v2\/media\/645"}],"wp:attachment":[{"href":"https:\/\/eskigazeteci.com\/index.php?rest_route=%2Fwp%2Fv2%2Fmedia&parent=646"}],"wp:term":[{"taxonomy":"category","embeddable":true,"href":"https:\/\/eskigazeteci.com\/index.php?rest_route=%2Fwp%2Fv2%2Fcategories&post=646"},{"taxonomy":"post_tag","embeddable":true,"href":"https:\/\/eskigazeteci.com\/index.php?rest_route=%2Fwp%2Fv2%2Ftags&post=646"}],"curies":[{"name":"wp","href":"https:\/\/api.w.org\/{rel}","templated":true}]}}