{"id":644,"date":"2026-02-10T07:03:06","date_gmt":"2026-02-10T07:03:06","guid":{"rendered":"https:\/\/eskigazeteci.com\/?p=644"},"modified":"2026-02-10T07:03:06","modified_gmt":"2026-02-10T07:03:06","slug":"kiz-kardesi-hakkindaki-dedikoduyu-duyunca-dehset-sacmisti-ifadesi-ortaya-cikti-uygunsuz-goruntusu-oldugunu-soylediler","status":"publish","type":"post","link":"https:\/\/eskigazeteci.com\/?p=644","title":{"rendered":"K\u0131z karde\u015fi hakk\u0131ndaki dedikoduyu duyunca deh\u015fet sa\u00e7m\u0131\u015ft\u0131: \u0130fadesi ortaya \u00e7\u0131kt\u0131: Uygunsuz g\u00f6r\u00fcnt\u00fcs\u00fc oldu\u011funu s\u00f6ylediler"},"content":{"rendered":"<p>Olay, 7 \u015eubat&#x27;ta Y\u00fcre\u011fir il\u00e7esi Cumhuriyet Mahallesi S\u00fcleyman Vahit Caddesi\u2019ndeki bir tekstil at\u00f6lyesinde meydana geldi. \u00c7al\u0131\u015ft\u0131\u011f\u0131 tekstil at\u00f6lyesinden k\u0131z karde\u015fi hakk\u0131nda \u00e7\u0131kan dedikodular nedeniyle ayr\u0131ld\u0131\u011f\u0131 \u00f6ne s\u00fcr\u00fclen \u00dcmran Alan, iddiaya g\u00f6re dedikodular devam edince yan\u0131na ald\u0131\u011f\u0131 tabancayla eski i\u015f yerine gitti. K\u0131z karde\u015fi hakk\u0131nda dedikodu yapt\u0131\u011f\u0131n\u0131 ileri s\u00fcrd\u00fc\u011f\u00fc eski i\u015f arkada\u015flar\u0131 ile tart\u0131\u015fan Alan, belinden \u00e7\u0131kard\u0131\u011f\u0131 tabancayla ate\u015f a\u00e7t\u0131. Tabancadan \u00e7\u0131kan kur\u015funlar Adile \u00c7.&#x27;nin kula\u011f\u0131na, Enver G.&#x27;nin g\u00f6\u011fs\u00fcne, Adem \u015e.&#x27;nin baca\u011f\u0131na ve Murat C.&#x27;nin karn\u0131na isabet etti. \u0130hbarla olay yerine polis ve sa\u011fl\u0131k ekipleri sevk edildi. Yaral\u0131lar, hastaneye kald\u0131r\u0131larak, tedaviye al\u0131nd\u0131.<\/p>\n<p>\u00c7ATIDA POL\u0130SE D\u0130REND\u0130<\/p>\n<p>Olay yerine gelen polisi fark eden \u00dcmran Alan, teslim olmayarak i\u015f yerinin \u00e7at\u0131s\u0131na \u00e7\u0131kt\u0131. Alan ekiplere direnince, olay yerine \u00f6zel harekat timleri sevk edildi. Timlerin operasyonuyla etkisiz hale getirilen \u00dcmran Alan&#x27;\u0131n \u00fczerinden 2 adet ruhsats\u0131z tabanca da \u00e7\u0131kt\u0131.<\/p>\n<p>\u0130FADES\u0130 ORTAYA \u00c7IKTI<\/p>\n<p>G\u00f6zalt\u0131na al\u0131narak emniyete g\u00f6t\u00fcr\u00fclen \u015f\u00fcphelinin sorgusunda, &quot;K\u0131z karde\u015fim hakk\u0131nda uygunsuz g\u00f6r\u00fcnt\u00fcleri oldu\u011funa dair dedikodular yayd\u0131klar\u0131 gerek\u00e7esiyle eski \u00e7al\u0131\u015ft\u0131\u011f\u0131m i\u015f yerine gittim. Oradakiler konu\u015fmaya devam edince sinirlendim, yan\u0131mda getirdi\u011fim silahla \u00f6n\u00fcme gelene ate\u015f ettim&quot; dedi\u011fi belirtildi. \u00dcmran Alan, i\u015flemlerinin ard\u0131ndan sevk edildi\u011fi adliyede \u00e7\u0131kar\u0131ld\u0131\u011f\u0131 mahkemece tutukland\u0131. \u00d6te yandan hastanede tedavileri s\u00fcren yaral\u0131lar\u0131n durumunun iyi oldu\u011fu belirtildi.<\/p>\n<p>T\u00fcrkiye g\u00fcndeminden son dakika haberleri, bug\u00fcn ya\u015fanan en son geli\u015fmeler, siyaset g\u00fcndeminden g\u00fcncel haberler ve b\u00fct\u00fcn son dakika haberleri i\u00e7in H\u00fcrriyet&#x27;in internet haber sitesi hurriyet.com.tr; Hurriyet.com.tr haber i\u00e7erikleri kaynak g\u00f6sterilmeden al\u0131nt\u0131 yap\u0131lamaz, Kanuna ayk\u0131r\u0131 ve izinsiz olarak kopyalanamaz, ba\u015fka yerde yay\u0131nlanamaz.<\/p>\n","protected":false},"excerpt":{"rendered":"<p>Adana&#8217;da k\u0131z karde\u015fi hakk\u0131nda dedikodu yap\u0131ld\u0131\u011f\u0131n\u0131 \u00f6ne s\u00fcr\u00fcp, eski i\u015f yerini basan ve tart\u0131\u015ft\u0131\u011f\u0131 4 ki\u015fiyi tabanca ile vurarak yaralayan \u00dcmran Alan (26),&#8230;<\/p>\n","protected":false},"author":2,"featured_media":643,"comment_status":"open","ping_status":"open","sticky":false,"template":"","format":"standard","meta":{"footnotes":""},"categories":[8,1],"tags":[],"class_list":["post-644","post","type-post","status-publish","format-standard","has-post-thumbnail","hentry","category-arsiv","category-uncategorized"],"_links":{"self":[{"href":"https:\/\/eskigazeteci.com\/index.php?rest_route=\/wp\/v2\/posts\/644","targetHints":{"allow":["GET"]}}],"collection":[{"href":"https:\/\/eskigazeteci.com\/index.php?rest_route=\/wp\/v2\/posts"}],"about":[{"href":"https:\/\/eskigazeteci.com\/index.php?rest_route=\/wp\/v2\/types\/post"}],"author":[{"embeddable":true,"href":"https:\/\/eskigazeteci.com\/index.php?rest_route=\/wp\/v2\/users\/2"}],"replies":[{"embeddable":true,"href":"https:\/\/eskigazeteci.com\/index.php?rest_route=%2Fwp%2Fv2%2Fcomments&post=644"}],"version-history":[{"count":0,"href":"https:\/\/eskigazeteci.com\/index.php?rest_route=\/wp\/v2\/posts\/644\/revisions"}],"wp:featuredmedia":[{"embeddable":true,"href":"https:\/\/eskigazeteci.com\/index.php?rest_route=\/wp\/v2\/media\/643"}],"wp:attachment":[{"href":"https:\/\/eskigazeteci.com\/index.php?rest_route=%2Fwp%2Fv2%2Fmedia&parent=644"}],"wp:term":[{"taxonomy":"category","embeddable":true,"href":"https:\/\/eskigazeteci.com\/index.php?rest_route=%2Fwp%2Fv2%2Fcategories&post=644"},{"taxonomy":"post_tag","embeddable":true,"href":"https:\/\/eskigazeteci.com\/index.php?rest_route=%2Fwp%2Fv2%2Ftags&post=644"}],"curies":[{"name":"wp","href":"https:\/\/api.w.org\/{rel}","templated":true}]}}