{"id":642,"date":"2026-02-10T07:03:04","date_gmt":"2026-02-10T07:03:04","guid":{"rendered":"https:\/\/eskigazeteci.com\/?p=642"},"modified":"2026-02-10T07:03:04","modified_gmt":"2026-02-10T07:03:04","slug":"abdnin-hamlesi-etkili-oldu-meksikadan-geri-adim","status":"publish","type":"post","link":"https:\/\/eskigazeteci.com\/?p=642","title":{"rendered":"ABD&#8217;nin hamlesi etkili oldu: Meksika&#8217;dan geri ad\u0131m"},"content":{"rendered":"<p>Meksika Devlet Ba\u015fkan\u0131 Claudia Sheinbaum, ABD Ba\u015fkan\u0131 Donald Trump&#x27;\u0131n K\u00fcba&#x27;ya petrol g\u00f6nderen \u00fclkelere g\u00fcmr\u00fck tarifesi uygulama karar\u0131n\u0131n ard\u0131ndan son duruma ili\u015fkin a\u00e7\u0131klamalarda bulundu.<\/p>\n<p>Meksika&#x27;dan K\u00fcba&#x27;ya petrol sevkiyat\u0131n\u0131n durduruldu\u011funu do\u011frulayan Sheinbaum, &quot;K\u00fcba&#x27;ya petrol satan \u00fclkelere yapt\u0131r\u0131m uygulamak \u00e7ok adaletsiz. \u00c7ok adaletsiz ve do\u011fru de\u011fil, \u00e7\u00fcnk\u00fc insanlar\u0131 etkileyen yapt\u0131r\u0131mlar hi\u00e7bir zaman hakl\u0131 olamaz. K\u00fcba&#x27;n\u0131n h\u00fck\u00fcmet sistemine kat\u0131labilir ya da kat\u0131lmayabilirsiniz ancak insanlar asla etkilenmemeli.&quot; ifadelerini kulland\u0131.<\/p>\n<p>Sheinbaum, ABD&#x27;nin, Meksika&#x27;n\u0131n petrol ihracat\u0131n\u0131 s\u00fcrd\u00fcrmesine olanak tan\u0131mas\u0131n\u0131 sa\u011flayacak bir anla\u015fma i\u00e7in g\u00f6r\u00fc\u015fmelerin s\u00fcrd\u00fc\u011f\u00fcn\u00fc ve K\u00fcba&#x27;ya insani yard\u0131m g\u00f6ndermeye devam edeceklerini belirtti.<\/p>\n<p>Meksika Devlet Ba\u015fkan\u0131 Sheinbaum, &quot;K\u00fcba&#x27;ya destek vermeye devam edece\u011fiz ve petrol sevkiyat\u0131n\u0131 yeniden ba\u015flatmak i\u00e7in gerekli t\u00fcm diplomatik ad\u0131mlar\u0131 ataca\u011f\u0131z.&quot; dedi.<\/p>\n<p>K\u00dcBA&#x27;YA PETROL SATAN VEYA SA\u011eLAYAN \u00dcLKELERDEN \u0130THAL ED\u0130LEN MALLARA G\u00dcMR\u00dcK VERG\u0130S\u0130<\/p>\n<p>ABD Ba\u015fkan\u0131 Trump ile Meksika Devlet Ba\u015fkan\u0131 Sheinbaum, 30 Ocak&#x27;ta s\u0131n\u0131r g\u00fcvenli\u011fi, uyu\u015fturucu ka\u00e7ak\u00e7\u0131l\u0131\u011f\u0131 ve ticaret konular\u0131nda telefonda g\u00f6r\u00fc\u015fm\u00fc\u015ft\u00fc.<\/p>\n<p>Donald Trump, 30 Ocak&#x27;ta, &quot;ulusal acil durum&quot; ilan eden ve K\u00fcba&#x27;ya petrol satan veya sa\u011flayan \u00fclkelerden ithal edilen mallara g\u00fcmr\u00fck vergisi uygulanmas\u0131na olanak tan\u0131yan bir kararname imzalam\u0131\u015ft\u0131.<\/p>\n<p>Trump, 1 \u015eubat&#x27;ta K\u00fcba y\u00f6netimiyle petrol tedarikinin d\u00fczenlenmesi konusunda g\u00f6r\u00fc\u015fmelerin ba\u015flat\u0131ld\u0131\u011f\u0131n\u0131 duyurmu\u015f, K\u00fcba ise bunu yalanlam\u0131\u015ft\u0131.<\/p>\n<p>Yurtd\u0131\u015f\u0131nda ya\u015fanan en son olaylar, d\u00fcnya g\u00fcndemine oturan d\u0131\u015f haberler, son dakika d\u00fcnya haberleri, di\u011fer d\u00fcnya \u00fclkelerinden g\u00fcncel haberler i\u00e7in T\u00fcrkiye&#x27;nin haber sitesi hurriyet.com.tr; Hurriyet.com.tr haber i\u00e7erikleri kaynak g\u00f6sterilmeden al\u0131nt\u0131 yap\u0131lamaz, Kanuna ayk\u0131r\u0131 ve izinsiz olarak kopyalanamaz, ba\u015fka yerde yay\u0131nlanamaz.<\/p>\n","protected":false},"excerpt":{"rendered":"<p>Meksika Devlet Ba\u015fkan\u0131 Claudia Sheinbaum, ABD Ba\u015fkan\u0131 Donald Trump&#8217;\u0131n K\u00fcba&#8217;ya petrol satan veya sa\u011flayan \u00fclkelerden ithal edilen mallara g\u00fcmr\u00fck vergisi&#8230;<\/p>\n","protected":false},"author":2,"featured_media":641,"comment_status":"open","ping_status":"open","sticky":false,"template":"","format":"standard","meta":{"footnotes":""},"categories":[8,1],"tags":[],"class_list":["post-642","post","type-post","status-publish","format-standard","has-post-thumbnail","hentry","category-arsiv","category-uncategorized"],"_links":{"self":[{"href":"https:\/\/eskigazeteci.com\/index.php?rest_route=\/wp\/v2\/posts\/642","targetHints":{"allow":["GET"]}}],"collection":[{"href":"https:\/\/eskigazeteci.com\/index.php?rest_route=\/wp\/v2\/posts"}],"about":[{"href":"https:\/\/eskigazeteci.com\/index.php?rest_route=\/wp\/v2\/types\/post"}],"author":[{"embeddable":true,"href":"https:\/\/eskigazeteci.com\/index.php?rest_route=\/wp\/v2\/users\/2"}],"replies":[{"embeddable":true,"href":"https:\/\/eskigazeteci.com\/index.php?rest_route=%2Fwp%2Fv2%2Fcomments&post=642"}],"version-history":[{"count":0,"href":"https:\/\/eskigazeteci.com\/index.php?rest_route=\/wp\/v2\/posts\/642\/revisions"}],"wp:featuredmedia":[{"embeddable":true,"href":"https:\/\/eskigazeteci.com\/index.php?rest_route=\/wp\/v2\/media\/641"}],"wp:attachment":[{"href":"https:\/\/eskigazeteci.com\/index.php?rest_route=%2Fwp%2Fv2%2Fmedia&parent=642"}],"wp:term":[{"taxonomy":"category","embeddable":true,"href":"https:\/\/eskigazeteci.com\/index.php?rest_route=%2Fwp%2Fv2%2Fcategories&post=642"},{"taxonomy":"post_tag","embeddable":true,"href":"https:\/\/eskigazeteci.com\/index.php?rest_route=%2Fwp%2Fv2%2Ftags&post=642"}],"curies":[{"name":"wp","href":"https:\/\/api.w.org\/{rel}","templated":true}]}}