{"id":630,"date":"2026-02-10T06:43:01","date_gmt":"2026-02-10T06:43:01","guid":{"rendered":"https:\/\/eskigazeteci.com\/?p=630"},"modified":"2026-02-10T06:43:01","modified_gmt":"2026-02-10T06:43:01","slug":"ankarada-feto-operasyonu-8-supheli-gozaltina-alindi","status":"publish","type":"post","link":"https:\/\/eskigazeteci.com\/?p=630","title":{"rendered":"Ankara&#8217;da FET\u00d6 operasyonu: 8 \u015f\u00fcpheli g\u00f6zalt\u0131na al\u0131nd\u0131"},"content":{"rendered":"<p>Ankara&#8217;da FET\u00d6\/PDY&#8217;nin &#8216;TSK mahrem hizmetleri&#8217; kapsam\u0131nda faaliyetlerde bulunduklar\u0131 gerek\u00e7esiyle haklar\u0131nda g\u00f6zalt\u0131 karar\u0131 verilen 8 \u015f\u00fcpheli g\u00f6zalt\u0131na&#8230;<\/p>\n","protected":false},"excerpt":{"rendered":"<p>Ankara&#8217;da FET\u00d6\/PDY&#8217;nin &#8216;TSK mahrem hizmetleri&#8217; kapsam\u0131nda faaliyetlerde bulunduklar\u0131 gerek\u00e7esiyle haklar\u0131nda g\u00f6zalt\u0131 karar\u0131 verilen 8 \u015f\u00fcpheli g\u00f6zalt\u0131na&#8230;<\/p>\n","protected":false},"author":2,"featured_media":629,"comment_status":"open","ping_status":"open","sticky":false,"template":"","format":"standard","meta":{"footnotes":""},"categories":[8,1],"tags":[],"class_list":["post-630","post","type-post","status-publish","format-standard","has-post-thumbnail","hentry","category-arsiv","category-uncategorized"],"_links":{"self":[{"href":"https:\/\/eskigazeteci.com\/index.php?rest_route=\/wp\/v2\/posts\/630","targetHints":{"allow":["GET"]}}],"collection":[{"href":"https:\/\/eskigazeteci.com\/index.php?rest_route=\/wp\/v2\/posts"}],"about":[{"href":"https:\/\/eskigazeteci.com\/index.php?rest_route=\/wp\/v2\/types\/post"}],"author":[{"embeddable":true,"href":"https:\/\/eskigazeteci.com\/index.php?rest_route=\/wp\/v2\/users\/2"}],"replies":[{"embeddable":true,"href":"https:\/\/eskigazeteci.com\/index.php?rest_route=%2Fwp%2Fv2%2Fcomments&post=630"}],"version-history":[{"count":0,"href":"https:\/\/eskigazeteci.com\/index.php?rest_route=\/wp\/v2\/posts\/630\/revisions"}],"wp:featuredmedia":[{"embeddable":true,"href":"https:\/\/eskigazeteci.com\/index.php?rest_route=\/wp\/v2\/media\/629"}],"wp:attachment":[{"href":"https:\/\/eskigazeteci.com\/index.php?rest_route=%2Fwp%2Fv2%2Fmedia&parent=630"}],"wp:term":[{"taxonomy":"category","embeddable":true,"href":"https:\/\/eskigazeteci.com\/index.php?rest_route=%2Fwp%2Fv2%2Fcategories&post=630"},{"taxonomy":"post_tag","embeddable":true,"href":"https:\/\/eskigazeteci.com\/index.php?rest_route=%2Fwp%2Fv2%2Ftags&post=630"}],"curies":[{"name":"wp","href":"https:\/\/api.w.org\/{rel}","templated":true}]}}