{"id":628,"date":"2026-02-10T06:43:00","date_gmt":"2026-02-10T06:43:00","guid":{"rendered":"https:\/\/eskigazeteci.com\/?p=628"},"modified":"2026-02-10T06:43:00","modified_gmt":"2026-02-10T06:43:00","slug":"epsteinden-turk-lirasina-operasyon-2018de-kutlama-bile-yapmislar","status":"publish","type":"post","link":"https:\/\/eskigazeteci.com\/?p=628","title":{"rendered":"Epstein&#8217;den T\u00fcrk Liras\u0131&#8217;na operasyon! 2018&#8217;de kutlama bile yapm\u0131\u015flar"},"content":{"rendered":"<p>Jeffrey Epstein davas\u0131na ili\u015fkin belgeler uluslararas\u0131 kamuoyunda tart\u0131\u015f\u0131lmaya devam ederken, yeni detaylar da ortaya \u00e7\u0131k\u0131yor. Epstein dosyas\u0131n\u0131n T\u00fcrkiye aya\u011f\u0131nda T\u00fcrk liras\u0131na ili\u015fkin \u00e7arp\u0131c\u0131 bilgiler oldu\u011fu iddia edildi.<\/p>\n<p>15 TEMMUZ SONRASI EKONOM\u0130 POL\u0130T\u0130KASI HATIRLATMASI<\/p>\n<p>Gazeteci Gaffar Yak\u0131nca, Cumhurba\u015fkan\u0131 Recep Tayyip Erdo\u011fan\u2019\u0131n 15 Temmuz sonras\u0131nda d\u00fc\u015f\u00fck faiz ve dengeli kur politikas\u0131n\u0131 uygulad\u0131\u011f\u0131n\u0131 ve bu nedenle ele\u015ftirildi\u011fini hat\u0131rlatt\u0131.<\/p>\n<p>\u201cT\u00dcRK L\u0130RASI\u2019NA YAPILAN OPERASYON KUTLANMI\u015e\u201d<\/p>\n<p>Konuya ili\u015fkin CNN T\u00fcrk\u2019e konu\u015fan gazeteci Gaffar Yak\u0131nca, a\u00e7\u0131klamas\u0131nda \u015fu ifadeleri kulland\u0131:<\/p>\n<p>\u201cEpstein yaz\u0131\u015fmalar\u0131 da bunu g\u00f6steriyor. T\u00fcrkiye\u2019ye y\u00f6nelik yap\u0131lan ekonomik operasyonlar\u0131n burada bir uzant\u0131s\u0131 var m\u0131 diye ara\u015ft\u0131rd\u0131m. Arad\u0131\u011f\u0131m ipucunu, Epstein dosyas\u0131na dahil edilmi\u015f olan Steve Bannon isimli a\u015f\u0131r\u0131 sa\u011fc\u0131 bir siyaset\u00e7inin \u00f6zel yaz\u0131\u015fmalar\u0131 aras\u0131nda buldum. Bu konu\u015fma 2018 y\u0131l\u0131n\u0131n May\u0131s ay\u0131nda ge\u00e7iyor. \u0130smi bilinmeyen bir ki\u015fi, Bannon\u2019a \u2018T\u00fcrk liras\u0131 \u00e7ok a\u011f\u0131r bir darbe ald\u0131 ve bu m\u00fckemmel bir \u015fey\u2019 diyor. Bannon da bu ki\u015fiye, \u2018Bannon h\u0131rpalar, \u00e7eki\u015fle vurur, tanr\u0131lar ise k\u0131sa pozisyon al\u0131r\u2019 diye cevap veriyor. Bu \u2018k\u0131sa pozisyon\u2019 ifadesi, finansta bir para birimine yap\u0131lacak operasyonu kodlayan bir tan\u0131mlama. \u0130smi bilinmeyen ki\u015fi ise \u2018T\u00fcrkiye, \u0130ran\u2019a yap\u0131lacak yapt\u0131r\u0131mlar\u0131n habercisi. \u015eimdi Hindistan, Katar; hepsi ka\u00e7\u0131yor\u2019 diyor. Burada \u00e7ok a\u00e7\u0131k bir \u015fekilde, Bannon ile ismi bilinmeyen ki\u015fi aras\u0131nda 2018 y\u0131l\u0131n\u0131n May\u0131s ay\u0131nda T\u00fcrk liras\u0131na yap\u0131lan bir operasyonun kutlamas\u0131n\u0131n yap\u0131ld\u0131\u011f\u0131 g\u00f6r\u00fcl\u00fcyor.\u201d<\/p>\n<p>SWAP KISITLAMASI VE EKONOM\u0130K M\u00dcCADELE<\/p>\n<p>Cumhurba\u015fkan\u0131 Erdo\u011fan , yeni kabinede Berat Albayrak\u2019\u0131 Hazine ve Maliye Bakan\u0131 olarak atad\u0131. Berat Albayrak da bakan olduktan sonra yapt\u0131\u011f\u0131 ilk i\u015flerden biri olarak, bir ay sonra yurt d\u0131\u015f\u0131na y\u00f6nelik d\u00f6viz hareketlerine, swap i\u015flemleri olarak bilinen alanlarda, k\u0131s\u0131tlama getirdi. Bu k\u0131s\u0131tlama nedeniyle de yo\u011fun ele\u015ftirilere hedef olmu\u015ftu.<\/p>\n<p>Belki bizim ya da ekonomi y\u00f6netimimizin ve devletimizin elinde baz\u0131 s\u0131rlar var; bunlar\u0131 bilemiyoruz. \u015eu anda bunlara ula\u015fmak m\u00fcmk\u00fcn de\u011fil. Ancak 2017 ile 2020 y\u0131llar\u0131 aras\u0131nda ge\u00e7en d\u00f6nemde T\u00fcrk ekonomisi \u00fczerinden b\u00fcy\u00fck bir sava\u015f verilmi\u015f. Bir yandan uluslararas\u0131 finans\u00f6rler ve spek\u00fclat\u00f6rler T\u00fcrk liras\u0131na ve T\u00fcrkiye\u2019ye m\u00fcdahale etmi\u015f; bu m\u00fcdahalelerin Epstein gibi isimlere kadar dayand\u0131\u011f\u0131 g\u00f6r\u00fcl\u00fcyor. Belki buradan T\u00fcrkiye i\u00e7inden baz\u0131 i\u015f birlik\u00e7iler de buldular. Bunu bilemiyoruz. H\u00fck\u00fcmet ise bunlara kar\u015f\u0131 koyabilmek i\u00e7in \u00e7e\u015fitli y\u00f6ntemler geli\u015ftirmi\u015f.<\/p>\n<p>Piyasa verileri Foreks Bilgi \u0130leti\u015fim Hizmetleri A.\u015e. taraf\u0131ndan sa\u011flanmaktad\u0131r. \u00dcye giri\u015fi yap\u0131lan Canl\u0131 Borsa sayfalar\u0131 haricinde Hisse senedi verileri 15 dk gecikmelidir. Tahvil-Bono-Repo \u00f6zet verileri her durumda 15 dk gecikmelidir.<\/p>\n","protected":false},"excerpt":{"rendered":"<p>Gazeteci Gaffar Yak\u0131nca, Epstein dosyalar\u0131nda 2018 y\u0131l\u0131nda T\u00fcrk liras\u0131na y\u00f6nelik bir operasyon yap\u0131ld\u0131\u011f\u0131na i\u015faret eden bir belge buldu\u011funu s\u00f6yledi. Gazeteci&#8230;<\/p>\n","protected":false},"author":2,"featured_media":627,"comment_status":"open","ping_status":"open","sticky":false,"template":"","format":"standard","meta":{"footnotes":""},"categories":[8,1],"tags":[],"class_list":["post-628","post","type-post","status-publish","format-standard","has-post-thumbnail","hentry","category-arsiv","category-uncategorized"],"_links":{"self":[{"href":"https:\/\/eskigazeteci.com\/index.php?rest_route=\/wp\/v2\/posts\/628","targetHints":{"allow":["GET"]}}],"collection":[{"href":"https:\/\/eskigazeteci.com\/index.php?rest_route=\/wp\/v2\/posts"}],"about":[{"href":"https:\/\/eskigazeteci.com\/index.php?rest_route=\/wp\/v2\/types\/post"}],"author":[{"embeddable":true,"href":"https:\/\/eskigazeteci.com\/index.php?rest_route=\/wp\/v2\/users\/2"}],"replies":[{"embeddable":true,"href":"https:\/\/eskigazeteci.com\/index.php?rest_route=%2Fwp%2Fv2%2Fcomments&post=628"}],"version-history":[{"count":0,"href":"https:\/\/eskigazeteci.com\/index.php?rest_route=\/wp\/v2\/posts\/628\/revisions"}],"wp:featuredmedia":[{"embeddable":true,"href":"https:\/\/eskigazeteci.com\/index.php?rest_route=\/wp\/v2\/media\/627"}],"wp:attachment":[{"href":"https:\/\/eskigazeteci.com\/index.php?rest_route=%2Fwp%2Fv2%2Fmedia&parent=628"}],"wp:term":[{"taxonomy":"category","embeddable":true,"href":"https:\/\/eskigazeteci.com\/index.php?rest_route=%2Fwp%2Fv2%2Fcategories&post=628"},{"taxonomy":"post_tag","embeddable":true,"href":"https:\/\/eskigazeteci.com\/index.php?rest_route=%2Fwp%2Fv2%2Ftags&post=628"}],"curies":[{"name":"wp","href":"https:\/\/api.w.org\/{rel}","templated":true}]}}