{"id":626,"date":"2026-02-10T06:43:00","date_gmt":"2026-02-10T06:43:00","guid":{"rendered":"https:\/\/eskigazeteci.com\/?p=626"},"modified":"2026-02-10T06:43:00","modified_gmt":"2026-02-10T06:43:00","slug":"yonca-evcimik-serenay-sarikaya-hayatimi-oynasin","status":"publish","type":"post","link":"https:\/\/eskigazeteci.com\/?p=626","title":{"rendered":"Yonca Evcimik: Serenay Sar\u0131kaya hayat\u0131m\u0131 oynas\u0131n"},"content":{"rendered":"<p>\u015eark\u0131c\u0131, \u201cHayat\u0131n\u0131z film olsa sizi kim oynas\u0131n isterdiniz?\u201d sorusuna \u015fu yan\u0131t\u0131 verdi:<\/p>\n<p>\u201c\u015eu an hayat\u0131m\u0131 oynayabilecek birisi yok. Hem dans etmesi, hem \u015fark\u0131 s\u00f6ylemesi, hem de oyunculuk yapmas\u0131 laz\u0131m. O da Serenay Sar\u0131kaya olabilir. Ama birazc\u0131k dizlerinin \u00fczerinde oynamas\u0131 laz\u0131m; boy olarak uzun kal\u0131r.\u201d<\/p>\n<p>Evcimik, ayn\u0131 soruya ge\u00e7ti\u011fimiz g\u00fcnlerde Gupse \u00d6zay cevab\u0131n\u0131 vermi\u015fti. Ayr\u0131ca \u015fark\u0131c\u0131, 1998 y\u0131l\u0131nda bo\u015fand\u0131ktan sonra farkl\u0131 biri oldu\u011funu a\u00e7\u0131klad\u0131:<\/p>\n<p>\u201cSa\u00e7\u0131m de\u011fi\u015fti, y\u0131rtma\u00e7l\u0131 etekler giymeye ba\u015flad\u0131m. Bo\u015fan\u0131nca adeta zincirlerimden de bo\u015fald\u0131m ve bir \u00f6zg\u00fcrl\u00fck patlamas\u0131 ya\u015fad\u0131m.\u201d<\/p>\n<p>Evcimik, bekarl\u0131\u011fa ise \u00e7ok al\u0131\u015ft\u0131\u011f\u0131n\u0131 belirtti:<\/p>\n<p>\u201cYatakta \u00e7apraz yatmaya, kedim, k\u00f6pe\u011fimle uyumaya da al\u0131\u015ft\u0131m. Bu al\u0131\u015fkanl\u0131ktan sonra \u00f6zg\u00fcrl\u00fc\u011f\u00fcm\u00fc kaybedemem. Kimseye hesap vermek istemiyorum, kimsenin sorumlulu\u011funu da almak istemiyorum. Evlenip \u00e7ocuk yap\u0131p onu idare etmeyi bilen insanlar var, ben o de\u011filim.\u201d<\/p>\n<p>YONCA DA SIRAYA G\u0130RD\u0130<\/p>\n<p>Zerrin \u00d6zer, Kibariye, Deniz Seki ve G\u00fcll\u00fc, hayatlar\u0131n\u0131n film olmas\u0131 halinde kendilerini Serenay Sar\u0131kaya \u2019n\u0131n canland\u0131rmas\u0131n\u0131 istediklerini dile getirmi\u015fti. Mahmut Tuncer de \u201cBeni de Serenay Sar\u0131kaya canland\u0131rs\u0131n\u201d demi\u015fti.<\/p>\n<p>T\u00fcrkiye&#x27;den ve D\u00fcnya\u2019dan son dakika haberleri, k\u00f6\u015fe yaz\u0131lar\u0131, magazinden siyasete, spordan seyahate b\u00fct\u00fcn konular\u0131n tek adresi Hurriyet.com.tr haber i\u00e7erikleri izin al\u0131nmadan, kaynak g\u00f6sterilerek dahi iktibas edilemez. Kanuna ayk\u0131r\u0131 ve izinsiz olarak kopyalanamaz, ba\u015fka yerde yay\u0131nlanamaz.<\/p>\n","protected":false},"excerpt":{"rendered":"<p>YONCA Evcimik, \u00d6zlem Esra Ada\u2019n\u0131n sundu\u011fu \u2018Pembe Masa\u2019 program\u0131na konuk oldu.<\/p>\n","protected":false},"author":2,"featured_media":625,"comment_status":"open","ping_status":"open","sticky":false,"template":"","format":"standard","meta":{"footnotes":""},"categories":[8,1],"tags":[],"class_list":["post-626","post","type-post","status-publish","format-standard","has-post-thumbnail","hentry","category-arsiv","category-uncategorized"],"_links":{"self":[{"href":"https:\/\/eskigazeteci.com\/index.php?rest_route=\/wp\/v2\/posts\/626","targetHints":{"allow":["GET"]}}],"collection":[{"href":"https:\/\/eskigazeteci.com\/index.php?rest_route=\/wp\/v2\/posts"}],"about":[{"href":"https:\/\/eskigazeteci.com\/index.php?rest_route=\/wp\/v2\/types\/post"}],"author":[{"embeddable":true,"href":"https:\/\/eskigazeteci.com\/index.php?rest_route=\/wp\/v2\/users\/2"}],"replies":[{"embeddable":true,"href":"https:\/\/eskigazeteci.com\/index.php?rest_route=%2Fwp%2Fv2%2Fcomments&post=626"}],"version-history":[{"count":0,"href":"https:\/\/eskigazeteci.com\/index.php?rest_route=\/wp\/v2\/posts\/626\/revisions"}],"wp:featuredmedia":[{"embeddable":true,"href":"https:\/\/eskigazeteci.com\/index.php?rest_route=\/wp\/v2\/media\/625"}],"wp:attachment":[{"href":"https:\/\/eskigazeteci.com\/index.php?rest_route=%2Fwp%2Fv2%2Fmedia&parent=626"}],"wp:term":[{"taxonomy":"category","embeddable":true,"href":"https:\/\/eskigazeteci.com\/index.php?rest_route=%2Fwp%2Fv2%2Fcategories&post=626"},{"taxonomy":"post_tag","embeddable":true,"href":"https:\/\/eskigazeteci.com\/index.php?rest_route=%2Fwp%2Fv2%2Ftags&post=626"}],"curies":[{"name":"wp","href":"https:\/\/api.w.org\/{rel}","templated":true}]}}