{"id":622,"date":"2026-02-10T06:32:59","date_gmt":"2026-02-10T06:32:59","guid":{"rendered":"https:\/\/eskigazeteci.com\/?p=622"},"modified":"2026-02-10T06:32:59","modified_gmt":"2026-02-10T06:32:59","slug":"besiktasta-kriz-ayrilmak-istiyorum","status":"publish","type":"post","link":"https:\/\/eskigazeteci.com\/?p=622","title":{"rendered":"Be\u015fikta\u015f&#8217;ta kriz! &#8216;Ayr\u0131lmak istiyorum&#8217;"},"content":{"rendered":"<p>Rafa Silva s\u00fcrecinin ard\u0131ndan kul\u00fcp i\u00e7inde tansiyon d\u00fc\u015fmezken, Be\u015fikta\u015f \u2019ta yeni bir ayr\u0131l\u0131k dosyas\u0131 daha a\u00e7\u0131ld\u0131.<\/p>\n<p>Siyah-Beyazl\u0131lar\u2019\u0131n \u00f6nemli isimlerinden Vaclav Cerny , tak\u0131mda ya\u015fad\u0131\u011f\u0131 memnuniyetsizli\u011fi art\u0131k gizlemiyor. Edinilen bilgilere g\u00f6re Cerny, ara transfer d\u00f6neminde y\u00f6netime ayr\u0131lmak istedi\u011fini net bir \u015fekilde iletti.<\/p>\n<p>Ancak Be\u015fikta\u015f Y\u00f6netimi, sezonun kritik bir d\u00f6neminde kadrodan \u00f6nemli bir ismin ayr\u0131lmas\u0131na s\u0131cak bakmad\u0131 ve bu talebe izin vermedi. Bu geli\u015fmenin ard\u0131ndan Cerny cephesi geri ad\u0131m atmad\u0131.<\/p>\n<p>MENAJER\u0130 GELD\u0130<\/p>\n<p>Y\u0131ld\u0131z oyuncunun menajeri David Nehoda, Cerny\u2019nin talebi \u00fczerine \u0130stanbul\u2019a \u00e7a\u011fr\u0131ld\u0131. Yap\u0131lan g\u00f6r\u00fc\u015fmelerde oyuncunun tak\u0131mda mutsuz oldu\u011fu ve sezon sonunda Be\u015fikta\u015f\u2019tan ayr\u0131lma karar\u0131n\u0131 kesinle\u015ftirdi\u011fi ifade edildi. Cerny\u2019nin, sezon sonu i\u00e7in \u015fimdiden yeni tak\u0131m aray\u0131\u015flar\u0131na ba\u015flad\u0131\u011f\u0131 \u00f6\u011frenilirken, Siyah-Beyazl\u0131lar\u2019da \u00fcst \u00fcste ya\u015fanan bu krizlerin kul\u00fcp i\u00e7i dengeleri nas\u0131l etkileyece\u011fi merak konusu oldu. Rafa Silva s\u00fcrecinin ard\u0131ndan ya\u015fanan bu geli\u015fme, Be\u015fikta\u015f\u2019ta sezon planlamas\u0131n\u0131n yeniden masaya yat\u0131r\u0131lmas\u0131na neden olabilir.<\/p>\n<p>SEZON PERFORMANSI<\/p>\n<p>Be\u015fikta\u015f formas\u0131 ile bu sezon 19 ma\u00e7a \u00e7\u0131kan Cerny 6 gol 6 asist \u00fcretti.<\/p>\n<p>T\u00fcrkiye&#x27;den ve D\u00fcnya\u2019dan son dakika haberleri, k\u00f6\u015fe yaz\u0131lar\u0131, magazinden siyasete, spordan seyahate b\u00fct\u00fcn konular\u0131n tek adresi Hurriyet.com.tr haber i\u00e7erikleri izin al\u0131nmadan, kaynak g\u00f6sterilerek dahi iktibas edilemez. Kanuna ayk\u0131r\u0131 ve izinsiz olarak kopyalanamaz, ba\u015fka yerde yay\u0131nlanamaz.<\/p>\n","protected":false},"excerpt":{"rendered":"<p>Be\u015fikta\u015f&#8217;ta Rafa Silva&#8217;n\u0131n ard\u0131ndan bir y\u0131ld\u0131z daha ayr\u0131lmak istedi\u011fini y\u00f6netime bildirdi. Siyah beyazl\u0131 oyuncunun menajeri \u0130stanbul&#8217;a geldi.<\/p>\n","protected":false},"author":2,"featured_media":621,"comment_status":"open","ping_status":"open","sticky":false,"template":"","format":"standard","meta":{"footnotes":""},"categories":[8,1],"tags":[],"class_list":["post-622","post","type-post","status-publish","format-standard","has-post-thumbnail","hentry","category-arsiv","category-uncategorized"],"_links":{"self":[{"href":"https:\/\/eskigazeteci.com\/index.php?rest_route=\/wp\/v2\/posts\/622","targetHints":{"allow":["GET"]}}],"collection":[{"href":"https:\/\/eskigazeteci.com\/index.php?rest_route=\/wp\/v2\/posts"}],"about":[{"href":"https:\/\/eskigazeteci.com\/index.php?rest_route=\/wp\/v2\/types\/post"}],"author":[{"embeddable":true,"href":"https:\/\/eskigazeteci.com\/index.php?rest_route=\/wp\/v2\/users\/2"}],"replies":[{"embeddable":true,"href":"https:\/\/eskigazeteci.com\/index.php?rest_route=%2Fwp%2Fv2%2Fcomments&post=622"}],"version-history":[{"count":0,"href":"https:\/\/eskigazeteci.com\/index.php?rest_route=\/wp\/v2\/posts\/622\/revisions"}],"wp:featuredmedia":[{"embeddable":true,"href":"https:\/\/eskigazeteci.com\/index.php?rest_route=\/wp\/v2\/media\/621"}],"wp:attachment":[{"href":"https:\/\/eskigazeteci.com\/index.php?rest_route=%2Fwp%2Fv2%2Fmedia&parent=622"}],"wp:term":[{"taxonomy":"category","embeddable":true,"href":"https:\/\/eskigazeteci.com\/index.php?rest_route=%2Fwp%2Fv2%2Fcategories&post=622"},{"taxonomy":"post_tag","embeddable":true,"href":"https:\/\/eskigazeteci.com\/index.php?rest_route=%2Fwp%2Fv2%2Ftags&post=622"}],"curies":[{"name":"wp","href":"https:\/\/api.w.org\/{rel}","templated":true}]}}