{"id":620,"date":"2026-02-10T06:23:00","date_gmt":"2026-02-10T06:23:00","guid":{"rendered":"https:\/\/eskigazeteci.com\/?p=620"},"modified":"2026-02-10T06:23:00","modified_gmt":"2026-02-10T06:23:00","slug":"libyada-helikopter-faciasi-askeri-usse-dustu","status":"publish","type":"post","link":"https:\/\/eskigazeteci.com\/?p=620","title":{"rendered":"Libya&#8217;da helikopter facias\u0131: Askeri \u00fcsse d\u00fc\u015ft\u00fc"},"content":{"rendered":"<p>Libya \u2019n\u0131n Kufra b\u00f6lgesi facia gibi bir havac\u0131l\u0131k kazas\u0131na sahne oldu.<\/p>\n<p>Yerel bas\u0131nda yer alan haberlere g\u00f6re; bir askeri personelin kar\u0131\u015ft\u0131\u011f\u0131 trafik kazas\u0131na m\u00fcdahale g\u00f6revi i\u00e7in havalanan ambulans helikopter , hen\u00fcz kesin olarak bilinmeyen bir nedenle El-Sarra Hava \u00dcss\u00fc\u2019ne d\u00fc\u015ft\u00fc.<\/p>\n<p>Kazada 2 pilot, 2 askeri personel ve 1 sa\u011fl\u0131k g\u00f6revlisinin hayat\u0131n\u0131 kaybetti\u011fi bildirilirken, \u00f6len pilotlar\u0131n yabanc\u0131 uyruklu oldu\u011fu iddia edildi.<\/p>\n<p>Kufra Belediyesi Bas\u0131n Ofisi, Kufra Belediye Ba\u015fkan\u0131 Muhammed Abdurrahim Bumeriz&#x27;in d\u00fc\u015fen helikopterde hayat\u0131n\u0131 kaybedenler i\u00e7in yay\u0131mlad\u0131\u011f\u0131 taziye mesaj\u0131n\u0131 payla\u015ft\u0131.<\/p>\n<p>Bumeriz mesaj\u0131nda, Kufra&#x27;daki es-Sarre Hava \u00dcss\u00fcnde bir helikopterin ambulans hizmeti sundu\u011fu s\u0131rada d\u00fc\u015ft\u00fc\u011f\u00fcn\u00fc ve helikopterdeki ki\u015filerin ya\u015fam\u0131n\u0131 yitirdi\u011fi bilgisini \u00fcz\u00fcnt\u00fcyle ald\u0131klar\u0131n\u0131 ifade etti.<\/p>\n<p>D\u00fc\u015fen helikopterde \u00f6lenlerin isimlerini de payla\u015fan Bumeriz, hayat\u0131n\u0131 kaybedenlerin yak\u0131nlar\u0131na sab\u0131r ve ba\u015fsa\u011fl\u0131\u011f\u0131 dileklerinde bulundu.<\/p>\n<p>Yurtd\u0131\u015f\u0131nda ya\u015fanan en son olaylar, d\u00fcnya g\u00fcndemine oturan d\u0131\u015f haberler, son dakika d\u00fcnya haberleri, di\u011fer d\u00fcnya \u00fclkelerinden g\u00fcncel haberler i\u00e7in T\u00fcrkiye&#x27;nin haber sitesi hurriyet.com.tr; Hurriyet.com.tr haber i\u00e7erikleri kaynak g\u00f6sterilmeden al\u0131nt\u0131 yap\u0131lamaz, Kanuna ayk\u0131r\u0131 ve izinsiz olarak kopyalanamaz, ba\u015fka yerde yay\u0131nlanamaz.<\/p>\n","protected":false},"excerpt":{"rendered":"<p>Libya\u2019da bir ambulans helikopterin \u00fclkenin g\u00fcneydo\u011fusundaki Kufra b\u00f6lgesinde bulunan El-Sarra Hava \u00dcss\u00fc\u2019ne d\u00fc\u015fmesi sonucu 5 ki\u015fi hayat\u0131n\u0131 kaybetti.<\/p>\n","protected":false},"author":2,"featured_media":619,"comment_status":"open","ping_status":"open","sticky":false,"template":"","format":"standard","meta":{"footnotes":""},"categories":[8,1],"tags":[],"class_list":["post-620","post","type-post","status-publish","format-standard","has-post-thumbnail","hentry","category-arsiv","category-uncategorized"],"_links":{"self":[{"href":"https:\/\/eskigazeteci.com\/index.php?rest_route=\/wp\/v2\/posts\/620","targetHints":{"allow":["GET"]}}],"collection":[{"href":"https:\/\/eskigazeteci.com\/index.php?rest_route=\/wp\/v2\/posts"}],"about":[{"href":"https:\/\/eskigazeteci.com\/index.php?rest_route=\/wp\/v2\/types\/post"}],"author":[{"embeddable":true,"href":"https:\/\/eskigazeteci.com\/index.php?rest_route=\/wp\/v2\/users\/2"}],"replies":[{"embeddable":true,"href":"https:\/\/eskigazeteci.com\/index.php?rest_route=%2Fwp%2Fv2%2Fcomments&post=620"}],"version-history":[{"count":0,"href":"https:\/\/eskigazeteci.com\/index.php?rest_route=\/wp\/v2\/posts\/620\/revisions"}],"wp:featuredmedia":[{"embeddable":true,"href":"https:\/\/eskigazeteci.com\/index.php?rest_route=\/wp\/v2\/media\/619"}],"wp:attachment":[{"href":"https:\/\/eskigazeteci.com\/index.php?rest_route=%2Fwp%2Fv2%2Fmedia&parent=620"}],"wp:term":[{"taxonomy":"category","embeddable":true,"href":"https:\/\/eskigazeteci.com\/index.php?rest_route=%2Fwp%2Fv2%2Fcategories&post=620"},{"taxonomy":"post_tag","embeddable":true,"href":"https:\/\/eskigazeteci.com\/index.php?rest_route=%2Fwp%2Fv2%2Ftags&post=620"}],"curies":[{"name":"wp","href":"https:\/\/api.w.org\/{rel}","templated":true}]}}