{"id":614,"date":"2026-02-10T06:13:04","date_gmt":"2026-02-10T06:13:04","guid":{"rendered":"https:\/\/eskigazeteci.com\/?p=614"},"modified":"2026-02-10T06:13:04","modified_gmt":"2026-02-10T06:13:04","slug":"abdde-rumeysa-ozturk-hakkindaki-sinir-disi-davasi-dusuruldu","status":"publish","type":"post","link":"https:\/\/eskigazeteci.com\/?p=614","title":{"rendered":"ABD&#8217;de R\u00fcmeysa \u00d6zt\u00fcrk hakk\u0131ndaki s\u0131n\u0131r d\u0131\u015f\u0131 davas\u0131 d\u00fc\u015f\u00fcr\u00fcld\u00fc"},"content":{"rendered":"<p>Avukatlar\u0131, \u00d6zt\u00fcrk hakk\u0131ndaki s\u0131n\u0131r d\u0131\u015f\u0131 etme i\u015flemlerinin g\u00f6\u00e7menlik yarg\u0131c\u0131 taraf\u0131ndan sonland\u0131r\u0131ld\u0131\u011f\u0131n\u0131 duyuran belgeleri federal mahkemeye sundu.<\/p>\n<p>Belgelere g\u00f6re, g\u00f6\u00e7menlik mahkemesi, \u0130\u00e7 G\u00fcvenlik Bakanl\u0131\u011f\u0131n\u0131n (DHS) \u00d6zt\u00fcrk&#x27;\u00fcn s\u0131n\u0131r d\u0131\u015f\u0131 edilebilirli\u011fini ispat y\u00fck\u00fcn\u00fc yerine getiremedi\u011fine h\u00fckmederek, \u00d6zt\u00fcrk hakk\u0131ndaki s\u0131n\u0131r d\u0131\u015f\u0131 etme s\u00fcrecini sonland\u0131rd\u0131.<\/p>\n<p>\u00d6zt\u00fcrk, Amerikan Sivil \u00d6zg\u00fcrl\u00fckler Birli\u011fi (ACLU) arac\u0131l\u0131\u011f\u0131yla yapt\u0131\u011f\u0131 a\u00e7\u0131klamada, &quot;Bug\u00fcn, adalet sisteminin t\u00fcm kusurlar\u0131na ra\u011fmen, davam\u0131n ABD h\u00fck\u00fcmeti taraf\u0131ndan haks\u0131zl\u0131\u011fa u\u011frayan di\u011fer ki\u015filere umut verebilece\u011fini bilerek derin bir nefes al\u0131yorum.&quot; ifadelerini kulland\u0131.<\/p>\n<p>\u00d6zt\u00fcrk&#x27;\u00fcn avukatlar\u0131ndan Mahsa Khanbabai, &quot;(Ba\u015fkan Donald) Trump y\u00f6netimi , R\u00fcmeysa gibi akademisyenler dahil toplumlar\u0131m\u0131z\u0131n de\u011ferli \u00fcyelerini hedef almak i\u00e7in g\u00f6\u00e7menlik sistemini silah haline getirdi.&quot; yorumunu yapt\u0131.<\/p>\n<p>Senat\u00f6r Ed Markey de ABD merkezli X \u015firketinin sosyal medya platformundan yapt\u0131\u011f\u0131 a\u00e7\u0131klamada, karar\u0131 memnuniyetle kar\u015f\u0131larken, davay\u0131 ba\u015f\u0131ndan itibaren &quot;temelsiz&quot; olarak nitelendirdi.<\/p>\n<p>R\u00dcMEYSA \u00d6ZT\u00dcRK&#x27;\u00dcN G\u00d6ZALTINA ALINMASI<\/p>\n<p>Massachusetts eyaletindeki Tufts \u00dcniversitesinde doktora e\u011fitimi alan T\u00fcrk \u00f6\u011frenci R\u00fcmeysa \u00d6zt\u00fcrk, 25 Mart 2025 ak\u015fam\u0131 arkada\u015flar\u0131yla iftar yapmaya giderken y\u00fczleri maskeli 6 G\u00f6\u00e7menlik ve G\u00fcmr\u00fck Muhafaza Dairesi (ICE) g\u00f6revlisi taraf\u0131ndan g\u00f6zalt\u0131na al\u0131nm\u0131\u015ft\u0131.<\/p>\n<p>ABD D\u0131\u015fi\u015fleri Bakan\u0131 Marco Rubio, \u00d6zt\u00fcrk&#x27;\u00fcn \u00f6\u011frenci vizesinin iptal edildi\u011fini ve kendisinin s\u0131n\u0131r d\u0131\u015f\u0131 edilece\u011fini a\u00e7\u0131klam\u0131\u015ft\u0131.<\/p>\n<p>Rubio, &quot;Hamas destek\u00e7isi&quot; ve (\u0130srail kar\u015f\u0131t\u0131) &quot;deliler&quot; olarak tan\u0131mlad\u0131\u011f\u0131 300&#x27;den fazla yabanc\u0131 \u00f6\u011frencinin vizesinin iptal edildi\u011fini belirtmi\u015fti.<\/p>\n<p>ABD&#x27;li federal yarg\u0131\u00e7 Denise Casper, ICE g\u00f6revlilerince g\u00f6zalt\u0131na al\u0131nan \u00f6\u011frenci \u00d6zt\u00fcrk&#x27;\u00fcn s\u0131n\u0131r d\u0131\u015f\u0131 edilmesine kar\u015f\u0131 durdurma karar\u0131 vermi\u015fti.<\/p>\n<p>R\u00fcmeysa \u00d6zt\u00fcrk &#x27;\u00fcn doktora e\u011fitimi ald\u0131\u011f\u0131 Tufts \u00dcniversitesi de \u00f6\u011frencilerinin serbest b\u0131rak\u0131lmas\u0131n\u0131 talep ederken, Rekt\u00f6r Sunil Kumar mahkemeye yapt\u0131\u011f\u0131 a\u00e7\u0131klamada, \u00d6zt\u00fcrk&#x27;\u00fcn tutuklanmas\u0131n\u0131n &quot;okulun uluslararas\u0131 toplulu\u011funu fel\u00e7 etti\u011fini&quot; ve art\u0131k okulun g\u00fcvenli\u011fi konusunda endi\u015fe duyduklar\u0131n\u0131 kaydetmi\u015fti.<\/p>\n<p>Yurtd\u0131\u015f\u0131nda ya\u015fanan en son olaylar, d\u00fcnya g\u00fcndemine oturan d\u0131\u015f haberler, son dakika d\u00fcnya haberleri, di\u011fer d\u00fcnya \u00fclkelerinden g\u00fcncel haberler i\u00e7in T\u00fcrkiye&#x27;nin haber sitesi hurriyet.com.tr; Hurriyet.com.tr haber i\u00e7erikleri kaynak g\u00f6sterilmeden al\u0131nt\u0131 yap\u0131lamaz, Kanuna ayk\u0131r\u0131 ve izinsiz olarak kopyalanamaz, ba\u015fka yerde yay\u0131nlanamaz.<\/p>\n","protected":false},"excerpt":{"rendered":"<p>ABD&#8217;de g\u00f6\u00e7menlik yarg\u0131c\u0131, Tufts \u00dcniversitesi doktora \u00f6\u011frencisi R\u00fcmeysa \u00d6zt\u00fcrk hakk\u0131nda y\u00fcr\u00fct\u00fclen s\u0131n\u0131r d\u0131\u015f\u0131 etme s\u00fcrecini, hukuki dayanak bulunmad\u0131\u011f\u0131&#8230;<\/p>\n","protected":false},"author":2,"featured_media":613,"comment_status":"open","ping_status":"open","sticky":false,"template":"","format":"standard","meta":{"footnotes":""},"categories":[8,1],"tags":[],"class_list":["post-614","post","type-post","status-publish","format-standard","has-post-thumbnail","hentry","category-arsiv","category-uncategorized"],"_links":{"self":[{"href":"https:\/\/eskigazeteci.com\/index.php?rest_route=\/wp\/v2\/posts\/614","targetHints":{"allow":["GET"]}}],"collection":[{"href":"https:\/\/eskigazeteci.com\/index.php?rest_route=\/wp\/v2\/posts"}],"about":[{"href":"https:\/\/eskigazeteci.com\/index.php?rest_route=\/wp\/v2\/types\/post"}],"author":[{"embeddable":true,"href":"https:\/\/eskigazeteci.com\/index.php?rest_route=\/wp\/v2\/users\/2"}],"replies":[{"embeddable":true,"href":"https:\/\/eskigazeteci.com\/index.php?rest_route=%2Fwp%2Fv2%2Fcomments&post=614"}],"version-history":[{"count":0,"href":"https:\/\/eskigazeteci.com\/index.php?rest_route=\/wp\/v2\/posts\/614\/revisions"}],"wp:featuredmedia":[{"embeddable":true,"href":"https:\/\/eskigazeteci.com\/index.php?rest_route=\/wp\/v2\/media\/613"}],"wp:attachment":[{"href":"https:\/\/eskigazeteci.com\/index.php?rest_route=%2Fwp%2Fv2%2Fmedia&parent=614"}],"wp:term":[{"taxonomy":"category","embeddable":true,"href":"https:\/\/eskigazeteci.com\/index.php?rest_route=%2Fwp%2Fv2%2Fcategories&post=614"},{"taxonomy":"post_tag","embeddable":true,"href":"https:\/\/eskigazeteci.com\/index.php?rest_route=%2Fwp%2Fv2%2Ftags&post=614"}],"curies":[{"name":"wp","href":"https:\/\/api.w.org\/{rel}","templated":true}]}}