{"id":612,"date":"2026-02-10T06:13:02","date_gmt":"2026-02-10T06:13:02","guid":{"rendered":"https:\/\/eskigazeteci.com\/?p=612"},"modified":"2026-02-10T06:13:02","modified_gmt":"2026-02-10T06:13:02","slug":"epstein-belgelerinde-adi-gecen-6-kisi-sucla-iliskilendirilebilir","status":"publish","type":"post","link":"https:\/\/eskigazeteci.com\/?p=612","title":{"rendered":"Epstein belgelerinde ad\u0131 ge\u00e7en 6 ki\u015fi, su\u00e7la ili\u015fkilendirilebilir"},"content":{"rendered":"<p>Cumhuriyet\u00e7i Massie ve Demokrat Khanna, d\u00fcn, re\u015fit olmayan k\u0131z \u00e7ocuklar\u0131na y\u00f6nelik cinsel istismar ve fuhu\u015f a\u011f\u0131 kurma su\u00e7lamas\u0131yla tutuklu yarg\u0131lan\u0131rken hapishanede \u00f6l\u00fc bulunan milyarder Epstein hakk\u0131ndaki belgelerin sans\u00fcrs\u00fcz halini inceledi.<\/p>\n<p>Massie, Adalet Bakanl\u0131\u011f\u0131 binas\u0131 \u00f6n\u00fcnde gazetecilere yapt\u0131\u011f\u0131 a\u00e7\u0131klamada, &quot;Oraya girdik ve iki saat kald\u0131k. Milyonlarca dosya var, de\u011fil mi? Sadece birka\u00e7 saat i\u00e7inde dosyalar\u0131n sunulu\u015f bi\u00e7imine g\u00f6re su\u00e7la ili\u015fkilendirilen, isimleri sans\u00fcrlenmi\u015f 6 erkek tespit ettik.&quot; dedi.<\/p>\n<p>The Hill&#x27;in haberine g\u00f6re, Khanna da &quot;su\u00e7la ili\u015fkilendirilebilecek&quot; en az 6 ki\u015finin ad\u0131n\u0131 tespit ettiklerini aktararak &quot;Bu bir cad\u0131 av\u0131 de\u011fil. Bir ki\u015finin dosyalarda yer almas\u0131, onun su\u00e7lu oldu\u011fu anlam\u0131na gelmez. Ancak \u00e7ok g\u00fc\u00e7l\u00fc baz\u0131 ki\u015filerin re\u015fit olmayan k\u0131zlara tecav\u00fcz etti\u011fi ya da bu k\u0131zlar\u0131n bulundu\u011fu adaya, \u00e7iftli\u011fe veya eve bilerek gitti\u011fi a\u00e7\u0131k. Mesele sadece Epstein ve Maxwell ile s\u0131n\u0131rl\u0131 de\u011fil.&quot; ifadelerini kulland\u0131.<\/p>\n<p>Kongre \u00fcyesi Khanna, baz\u0131 belgelerin, Adalet Bakanl\u0131\u011f\u0131na dahi sans\u00fcrl\u00fc \u015fekilde ula\u015ft\u0131\u011f\u0131n\u0131 belirtti.<\/p>\n<p>Massie ve Khanna, s\u00f6z konusu ki\u015filerin isimlerini a\u00e7\u0131klamazken, bu ki\u015filerden birinin yabanc\u0131 bir \u00fclkede \u00fcst d\u00fczey yetkili, di\u011ferinin ise kamuoyunda tan\u0131nm\u0131\u015f bir isim oldu\u011funu kaydetti.<\/p>\n<p>EPSTEIN OLAYI<\/p>\n<p>18 ya\u015f alt\u0131ndaki onlarca k\u0131z \u00e7ocu\u011funa cinsel istismarda bulunmak ve fuhu\u015f a\u011f\u0131 olu\u015fturmak su\u00e7lamas\u0131yla yarg\u0131lanan Epstein, tutuklu oldu\u011fu New York Manhattan Metropolitan Merkez Hapishanesi&#x27;ndeki h\u00fccresinde 10 A\u011fustos 2019&#x27;da \u00f6l\u00fc bulunmu\u015ftu.<\/p>\n<p>A\u00e7\u0131klanan Epstein dava dosyalar\u0131nda Prens Andrew , ABD Ba\u015fkan\u0131 Donald Trump, eski ABD Ba\u015fkan\u0131 Bill Clinton, eski \u0130srail Ba\u015fbakan\u0131 Ehud Barak, eski ABD Ba\u015fkan Yard\u0131mc\u0131s\u0131 Al Gore, akt\u00f6r Kevin Spacey, \u015fark\u0131c\u0131 Michael Jackson, ill\u00fczyonist David Copperfield, avukat Alan Dershowitz ve eski New Mexico Valisi Bill Richardson gibi \u00fcnl\u00fc isimler yer alm\u0131\u015ft\u0131.<\/p>\n<p>ABD Federal Soru\u015fturma B\u00fcrosu (FBI) da ABD Adalet Bakanl\u0131\u011f\u0131 ile yapt\u0131\u011f\u0131 inceleme sonucunda, \u00fcnl\u00fc isimlerden olu\u015fan &quot;m\u00fc\u015fteri listesi&quot;nin tutuldu\u011funa dair herhangi bir kan\u0131ta ula\u015f\u0131lamad\u0131\u011f\u0131n\u0131, aralar\u0131nda h\u00fck\u00fcmet yetkilileri, \u00fcnl\u00fcler ve i\u015f insanlar\u0131n\u0131n da bulundu\u011fu ki\u015filerin su\u00e7una ortak oldu\u011fu gerek\u00e7esiyle \u00f6rtbas amac\u0131yla \u00f6ld\u00fcr\u00fcld\u00fc\u011f\u00fc \u00f6ne s\u00fcr\u00fclen Epstein&#x27;\u0131n ise asl\u0131nda h\u00fccresinde intihar etti\u011fi neticesine var\u0131ld\u0131\u011f\u0131n\u0131 a\u00e7\u0131klam\u0131\u015ft\u0131.<\/p>\n<p>Yurtd\u0131\u015f\u0131nda ya\u015fanan en son olaylar, d\u00fcnya g\u00fcndemine oturan d\u0131\u015f haberler, son dakika d\u00fcnya haberleri, di\u011fer d\u00fcnya \u00fclkelerinden g\u00fcncel haberler i\u00e7in T\u00fcrkiye&#x27;nin haber sitesi hurriyet.com.tr; Hurriyet.com.tr haber i\u00e7erikleri kaynak g\u00f6sterilmeden al\u0131nt\u0131 yap\u0131lamaz, Kanuna ayk\u0131r\u0131 ve izinsiz olarak kopyalanamaz, ba\u015fka yerde yay\u0131nlanamaz.<\/p>\n","protected":false},"excerpt":{"rendered":"<p>Jeffrey Epstein dosyalar\u0131n\u0131n sans\u00fcrs\u00fcz versiyonlar\u0131n\u0131 inceleyen ABD&#8217;de Temsilciler Meclisi \u00fcyeleri Thomas Massie ile Ro Khanna, belgelerde isimleri yer alan&#8230;<\/p>\n","protected":false},"author":2,"featured_media":611,"comment_status":"open","ping_status":"open","sticky":false,"template":"","format":"standard","meta":{"footnotes":""},"categories":[8,1],"tags":[],"class_list":["post-612","post","type-post","status-publish","format-standard","has-post-thumbnail","hentry","category-arsiv","category-uncategorized"],"_links":{"self":[{"href":"https:\/\/eskigazeteci.com\/index.php?rest_route=\/wp\/v2\/posts\/612","targetHints":{"allow":["GET"]}}],"collection":[{"href":"https:\/\/eskigazeteci.com\/index.php?rest_route=\/wp\/v2\/posts"}],"about":[{"href":"https:\/\/eskigazeteci.com\/index.php?rest_route=\/wp\/v2\/types\/post"}],"author":[{"embeddable":true,"href":"https:\/\/eskigazeteci.com\/index.php?rest_route=\/wp\/v2\/users\/2"}],"replies":[{"embeddable":true,"href":"https:\/\/eskigazeteci.com\/index.php?rest_route=%2Fwp%2Fv2%2Fcomments&post=612"}],"version-history":[{"count":0,"href":"https:\/\/eskigazeteci.com\/index.php?rest_route=\/wp\/v2\/posts\/612\/revisions"}],"wp:featuredmedia":[{"embeddable":true,"href":"https:\/\/eskigazeteci.com\/index.php?rest_route=\/wp\/v2\/media\/611"}],"wp:attachment":[{"href":"https:\/\/eskigazeteci.com\/index.php?rest_route=%2Fwp%2Fv2%2Fmedia&parent=612"}],"wp:term":[{"taxonomy":"category","embeddable":true,"href":"https:\/\/eskigazeteci.com\/index.php?rest_route=%2Fwp%2Fv2%2Fcategories&post=612"},{"taxonomy":"post_tag","embeddable":true,"href":"https:\/\/eskigazeteci.com\/index.php?rest_route=%2Fwp%2Fv2%2Ftags&post=612"}],"curies":[{"name":"wp","href":"https:\/\/api.w.org\/{rel}","templated":true}]}}