{"id":604,"date":"2026-02-10T05:52:59","date_gmt":"2026-02-10T05:52:59","guid":{"rendered":"https:\/\/eskigazeteci.com\/?p=604"},"modified":"2026-02-10T05:52:59","modified_gmt":"2026-02-10T05:52:59","slug":"hazal-filiz-kucukkose-hayatimdaki-gereksiz-kisileri-cikarmaya-karar-verdim","status":"publish","type":"post","link":"https:\/\/eskigazeteci.com\/?p=604","title":{"rendered":"Hazal Filiz K\u00fc\u00e7\u00fckk\u00f6se: Hayat\u0131mdaki gereksiz ki\u015fileri \u00e7\u0131karmaya karar verdim"},"content":{"rendered":"<p>Oyuncu, 9 \u015eubat\u2019ta yeni ya\u015f\u0131n\u0131 kutlad\u0131\u011f\u0131n\u0131 s\u00f6yledi. Arkada\u015flar\u0131yla pazar kahvalt\u0131s\u0131nda bir araya geldiklerini belirten K\u00fc\u00e7\u00fckk\u00f6se, \u201cS\u00fcrpriz yap\u0131p pasta kestiler\u201d ifadelerini kulland\u0131.<\/p>\n<p>Yeni ya\u015f\u0131ndan neler diledi\u011fi sorulan oyuncu \u201cA\u015fk da dahil olmak \u00fczere bir\u00e7ok \u015fey diledim. Yeni ya\u015f\u0131mda yeni kararlar ald\u0131m ve hayat\u0131mdaki gereksiz ki\u015fileri \u00e7\u0131karmaya karar verdim\u201d diye konu\u015ftu.<\/p>\n<p>T\u00fcrkiye&#x27;den ve D\u00fcnya\u2019dan son dakika haberleri, k\u00f6\u015fe yaz\u0131lar\u0131, magazinden siyasete, spordan seyahate b\u00fct\u00fcn konular\u0131n tek adresi Hurriyet.com.tr haber i\u00e7erikleri izin al\u0131nmadan, kaynak g\u00f6sterilerek dahi iktibas edilemez. Kanuna ayk\u0131r\u0131 ve izinsiz olarak kopyalanamaz, ba\u015fka yerde yay\u0131nlanamaz.<\/p>\n","protected":false},"excerpt":{"rendered":"<p>Hazal Filiz K\u00fc\u00e7\u00fckk\u00f6se, \u00f6nceki g\u00fcn Kuru\u00e7e\u015fme\u2019de bir mek\u00e2n \u00e7\u0131k\u0131\u015f\u0131 objektiflere yans\u0131d\u0131.<\/p>\n","protected":false},"author":2,"featured_media":603,"comment_status":"open","ping_status":"open","sticky":false,"template":"","format":"standard","meta":{"footnotes":""},"categories":[8,1],"tags":[],"class_list":["post-604","post","type-post","status-publish","format-standard","has-post-thumbnail","hentry","category-arsiv","category-uncategorized"],"_links":{"self":[{"href":"https:\/\/eskigazeteci.com\/index.php?rest_route=\/wp\/v2\/posts\/604","targetHints":{"allow":["GET"]}}],"collection":[{"href":"https:\/\/eskigazeteci.com\/index.php?rest_route=\/wp\/v2\/posts"}],"about":[{"href":"https:\/\/eskigazeteci.com\/index.php?rest_route=\/wp\/v2\/types\/post"}],"author":[{"embeddable":true,"href":"https:\/\/eskigazeteci.com\/index.php?rest_route=\/wp\/v2\/users\/2"}],"replies":[{"embeddable":true,"href":"https:\/\/eskigazeteci.com\/index.php?rest_route=%2Fwp%2Fv2%2Fcomments&post=604"}],"version-history":[{"count":0,"href":"https:\/\/eskigazeteci.com\/index.php?rest_route=\/wp\/v2\/posts\/604\/revisions"}],"wp:featuredmedia":[{"embeddable":true,"href":"https:\/\/eskigazeteci.com\/index.php?rest_route=\/wp\/v2\/media\/603"}],"wp:attachment":[{"href":"https:\/\/eskigazeteci.com\/index.php?rest_route=%2Fwp%2Fv2%2Fmedia&parent=604"}],"wp:term":[{"taxonomy":"category","embeddable":true,"href":"https:\/\/eskigazeteci.com\/index.php?rest_route=%2Fwp%2Fv2%2Fcategories&post=604"},{"taxonomy":"post_tag","embeddable":true,"href":"https:\/\/eskigazeteci.com\/index.php?rest_route=%2Fwp%2Fv2%2Ftags&post=604"}],"curies":[{"name":"wp","href":"https:\/\/api.w.org\/{rel}","templated":true}]}}