{"id":602,"date":"2026-02-10T05:32:58","date_gmt":"2026-02-10T05:32:58","guid":{"rendered":"https:\/\/eskigazeteci.com\/?p=602"},"modified":"2026-02-10T05:32:58","modified_gmt":"2026-02-10T05:32:58","slug":"ozgur-tuzer-ahmet-kayanin-ailesi-hakliydi","status":"publish","type":"post","link":"https:\/\/eskigazeteci.com\/?p=602","title":{"rendered":"\u00d6zg\u00fcr T\u00fczer: Ahmet Kaya&#8217;n\u0131n ailesi hakl\u0131yd\u0131"},"content":{"rendered":"<p>YEN\u0130 \u015eARKILAR YOLDA<\/p>\n<p>\u00dcnl\u00fc t\u00fcrk\u00fcc\u00fc \u00d6zg\u00fcr T\u00fczer , \u00f6nceki ak\u015fam K\u0131br\u0131s\u2019taki Les Ambassadeurs Hotel\u2019de sahne ald\u0131. Seslendirdi\u011fi Ahmet Kaya \u015fark\u0131lar\u0131yla ad\u0131ndan s\u00f6z ettiren T\u00fczer, sahne \u00f6ncesi sorular\u0131 yan\u0131tlad\u0131.<\/p>\n<p>T\u00fczer, \u201cYeni eserler yolda. Kendi \u015fark\u0131lar\u0131m\u0131 okudum, \u00e7al\u0131\u015fmalar bitti. Onlar \u015fu an i\u00e7in cepte. Birka\u00e7 g\u00fcn sonra yeni \u015fark\u0131m\u0131z i\u00e7in st\u00fcdyoya girece\u011fiz. Bir cover \u015fark\u0131 olacak. \u00c7ok eski bir kad\u0131n \u015fark\u0131c\u0131m\u0131z\u0131n s\u00f6yledi\u011fi bir t\u00fcrk\u00fc. Yeni bir d\u00fczenleme yap\u0131p kendi tarz\u0131mda s\u00f6yleyece\u011fim\u201d diye konu\u015ftu.<\/p>\n<p>HER KONUDA YANLARINDAYIM<\/p>\n<p>2022 y\u0131l\u0131nda Ahmet Kaya ad\u0131na \u00e7ekilen \u201c\u0130ki G\u00f6z\u00fcm\u201d filminde ba\u015frol oynayan T\u00fczer, film hakk\u0131nda ilk kez konu\u015ftu. Ahmet Kaya\u2019n\u0131n e\u015fi G\u00fclten Kaya \u2019n\u0131n mahkemeden ald\u0131\u011f\u0131 kararla vizyona girmeyen filmle ilgili sanat\u00e7\u0131 \u015funlar\u0131 s\u00f6yledi:<\/p>\n<p>\u201c\u0130nsan zamanla her \u015feyi anl\u0131yor. Biz bu filme bir heyecanla ba\u015flad\u0131k. Kendinizi benim yerime koyun; Ahmet Kaya \u2019n\u0131n hayat\u0131n\u0131 oynayacaks\u0131n\u0131z, ayn\u0131 zamanda onun \u015fark\u0131lar\u0131yla b\u00fcy\u00fcm\u00fc\u015fs\u00fcn\u00fcz. Ailesi hakl\u0131yd\u0131. Ben de zamanla bunu anlad\u0131m. Her konuda yanlar\u0131nday\u0131m.\u201d<\/p>\n<p>T\u00fcrkiye&#x27;den ve D\u00fcnya\u2019dan son dakika haberleri, k\u00f6\u015fe yaz\u0131lar\u0131, magazinden siyasete, spordan seyahate b\u00fct\u00fcn konular\u0131n tek adresi Hurriyet.com.tr haber i\u00e7erikleri izin al\u0131nmadan, kaynak g\u00f6sterilerek dahi iktibas edilemez. Kanuna ayk\u0131r\u0131 ve izinsiz olarak kopyalanamaz, ba\u015fka yerde yay\u0131nlanamaz.<\/p>\n","protected":false},"excerpt":{"rendered":"<p>Ahmet Kaya\u2019n\u0131n hayat\u0131n\u0131 anlatan \u201c\u0130ki G\u00f6z\u00fcm\u201dde ba\u015frol oynayan \u00d6zg\u00fcr T\u00fczer filmin sanat\u00e7\u0131n\u0131n ailesinin itiraz\u0131yla vizyona girmeden rafa kald\u0131r\u0131lmas\u0131yla ilgili&#8230;<\/p>\n","protected":false},"author":2,"featured_media":601,"comment_status":"open","ping_status":"open","sticky":false,"template":"","format":"standard","meta":{"footnotes":""},"categories":[8,1],"tags":[],"class_list":["post-602","post","type-post","status-publish","format-standard","has-post-thumbnail","hentry","category-arsiv","category-uncategorized"],"_links":{"self":[{"href":"https:\/\/eskigazeteci.com\/index.php?rest_route=\/wp\/v2\/posts\/602","targetHints":{"allow":["GET"]}}],"collection":[{"href":"https:\/\/eskigazeteci.com\/index.php?rest_route=\/wp\/v2\/posts"}],"about":[{"href":"https:\/\/eskigazeteci.com\/index.php?rest_route=\/wp\/v2\/types\/post"}],"author":[{"embeddable":true,"href":"https:\/\/eskigazeteci.com\/index.php?rest_route=\/wp\/v2\/users\/2"}],"replies":[{"embeddable":true,"href":"https:\/\/eskigazeteci.com\/index.php?rest_route=%2Fwp%2Fv2%2Fcomments&post=602"}],"version-history":[{"count":0,"href":"https:\/\/eskigazeteci.com\/index.php?rest_route=\/wp\/v2\/posts\/602\/revisions"}],"wp:featuredmedia":[{"embeddable":true,"href":"https:\/\/eskigazeteci.com\/index.php?rest_route=\/wp\/v2\/media\/601"}],"wp:attachment":[{"href":"https:\/\/eskigazeteci.com\/index.php?rest_route=%2Fwp%2Fv2%2Fmedia&parent=602"}],"wp:term":[{"taxonomy":"category","embeddable":true,"href":"https:\/\/eskigazeteci.com\/index.php?rest_route=%2Fwp%2Fv2%2Fcategories&post=602"},{"taxonomy":"post_tag","embeddable":true,"href":"https:\/\/eskigazeteci.com\/index.php?rest_route=%2Fwp%2Fv2%2Ftags&post=602"}],"curies":[{"name":"wp","href":"https:\/\/api.w.org\/{rel}","templated":true}]}}