{"id":600,"date":"2026-02-10T05:13:05","date_gmt":"2026-02-10T05:13:05","guid":{"rendered":"https:\/\/eskigazeteci.com\/?p=600"},"modified":"2026-02-10T05:13:05","modified_gmt":"2026-02-10T05:13:05","slug":"istanbul-merkezli-14-ilde-uyusturucu-operasyonu-305-supheli-yakalandi","status":"publish","type":"post","link":"https:\/\/eskigazeteci.com\/?p=600","title":{"rendered":"\u0130stanbul merkezli 14 ilde uyu\u015fturucu operasyonu: 305 \u015f\u00fcpheli yakaland\u0131"},"content":{"rendered":"<p>\u0130\u00e7i\u015fleri Vakan\u0131 Ali Yerlikaya , sosyal medya hesab\u0131ndan yapt\u0131\u011f\u0131 payla\u015f\u0131mda \u015fu ifadelere yer verdi;<\/p>\n<p>&quot;Sosyal medya arac\u0131l\u0131\u011f\u0131yla uyu\u015fturucu madde satan \u015fah\u0131slara y\u00f6nelik yapt\u0131\u011f\u0131m\u0131z b\u00fcy\u00fck \u00e7apl\u0131 operasyonumuz<\/p>\n<p>\u0130stanbul merkezli 14 ilde \u201cUyu\u015fturucu Madde Ticaretine\u201d y\u00f6nelik bu sabah Polisimiz taraf\u0131ndan e\u015f zamanl\u0131 olarak d\u00fczenlenen operasyonlar\u0131m\u0131zda 305 \u015f\u00fcpheliyi yakalad\u0131k.<\/p>\n<p>\u0130stanbul Emniyet M\u00fcd\u00fcrl\u00fc\u011f\u00fc Narkotik Su\u00e7larla M\u00fccadele \u015eube M\u00fcd\u00fcrl\u00fc\u011f\u00fcnce \u0130stanbul Cumhuriyet Ba\u015fsavc\u0131l\u0131\u011f\u0131 koordinesinde; Uyu\u015fturucu madde ticareti yapan \u015f\u00fcphelilere y\u00f6nelik \u0130stanbul genelinde 5 ayd\u0131r yap\u0131lan \u00e7al\u0131\u015fmalar sonucunda;<\/p>\n<p>\ud83d\udd3bAnl\u0131k mesajla\u015fma programlar\u0131 ve sosyal medya payla\u015f\u0131m platformunda yap\u0131lan \u00e7al\u0131\u015fmalarda; bu platformda u\u00e7tan uca \u015fifreli gruplar kurarak, bu gruplar \u00fczerinden g\u00fcvene dayal\u0131 kurye sistemi a\u011f\u0131yla ya da bireysel olarak uyu\u015fturucu madde arz\u0131 yap\u0131ld\u0131\u011f\u0131,<\/p>\n<p>\ud83d\udd3bUyu\u015fturucu maddeleri \u00f6zendirici bir\u00e7ok i\u00e7eri\u011fin bulundu\u011fu,<\/p>\n<p>\ud83d\udd3bAyn\u0131 uygulama \u00fczerinden uyu\u015fturucu madde ticaretine y\u00f6nelik \u00f6zel ki\u015filere ait gruplar olu\u015fturuldu\u011fu ve bu kapal\u0131 gruplara ancak \u00f6zel bir davet ya da referansla girilebildi\u011fi,<\/p>\n<p>\ud83d\udd3bUyu\u015fturucu madde sat\u0131c\u0131lar\u0131n\u0131n, bu gruplarda de\u015fifre olmamak amac\u0131yla telefon numaralar\u0131n\u0131 ve kimlik bilgilerini gizleyip siber devriye ekipleri ba\u015fta olmak \u00fczere polisiye tedbirlere kar\u015f\u0131 s\u0131k s\u0131k kullan\u0131c\u0131 adlar\u0131n\u0131 de\u011fi\u015ftirdi\u011fi,<\/p>\n<p>\ud83d\udd3bKapal\u0131 gruplar i\u00e7erisinde gizlilik kurallar\u0131na \u00e7ok fazla \u00f6nem verildi\u011fi ve bu y\u00fczden grubu olu\u015fturan ve uyu\u015fturucu madde ticareti yapan \u015fah\u0131slar\u0131n tespitinin olduk\u00e7a zorla\u015ft\u0131\u011f\u0131,<\/p>\n<p>\ud83d\udd3bN\u00fcfus yo\u011funlu\u011fu ve kullan\u0131c\u0131 potansiyeline g\u00f6re gece-g\u00fcnd\u00fcz arz-talep dengesine g\u00f6re 24 saat uyu\u015fturucu madde ticareti yapt\u0131klar\u0131 tespit edildi.<\/p>\n<p>Siber Su\u00e7larla M\u00fccadele \u015eube M\u00fcd\u00fcrl\u00fc\u011f\u00fc ile birlikte y\u00fcr\u00fct\u00fclen ortak \u00e7al\u0131\u015fmalarda \u015f\u00fcphelilerin; \u00f6zel ve gizli \u00fcyelik sistemi ile olu\u015fturduklar\u0131 gruplar ve bu gruplardan payla\u015f\u0131lan mesajla\u015fmalara ula\u015f\u0131lmas\u0131 \u00fczerine;<\/p>\n<p>Detayland\u0131r\u0131lan \u00e7al\u0131\u015fmalar sonucunda; s\u00f6z konusu grup ve kanallarda y\u00f6netici\/moderat\u00f6r olarak faaliyet g\u00f6steren \u015fah\u0131slar belirlendi.<\/p>\n<p>Bu \u015fah\u0131slar\u0131n farkl\u0131 kanal veya gruplar \u00fczerinden de aktif \u015fekilde su\u00e7 payla\u015f\u0131mlar\u0131 yaparak uyu\u015fturucu madde ticareti yapt\u0131klar\u0131n\u0131n tespit edilmesi \u00fczerine \u0130stanbul merkezli Ankara, \u0130zmir, Bursa, Antalya, Konya, Sakarya, Tekirda\u011f, Hatay, Mardin, Ad\u0131yaman, Giresun, Kastamonu ve Mu\u015f\u2019ta bu sabah e\u015f zamanl\u0131 olarak operasyonlar d\u00fczenlendi.<\/p>\n<p>Uyu\u015fturucuyla m\u00fccadele, yaln\u0131zca bir \u201ci\u00e7 g\u00fcvenlik meselesi\u201d de\u011fildir; bu m\u00fccadele, \u201ck\u00fcresel bir g\u00fcvenlik\u201d m\u00fccadelesidir.<\/p>\n<p>Biz, uyu\u015fturucuya topyek\u00fcn sava\u015f a\u00e7t\u0131k! Bu sava\u015f\u0131 da, sadece \u00fclkemiz ad\u0131na de\u011fil, insanl\u0131k ad\u0131na s\u00fcrd\u00fcr\u00fcyoruz.<\/p>\n<p>Cumhuriyet Ba\u015fsavc\u0131l\u0131\u011f\u0131m\u0131z\u0131, Emniyet M\u00fcd\u00fcr\u00fcm\u00fcz\u00fc, Kahraman Polislerimizi ve eme\u011fi ge\u00e7enleri tebrik ediyorum.&quot;<\/p>\n<p>T\u00fcrkiye g\u00fcndeminden son dakika haberleri, bug\u00fcn ya\u015fanan en son geli\u015fmeler, siyaset g\u00fcndeminden g\u00fcncel haberler ve b\u00fct\u00fcn son dakika haberleri i\u00e7in H\u00fcrriyet&#x27;in internet haber sitesi hurriyet.com.tr; Hurriyet.com.tr haber i\u00e7erikleri kaynak g\u00f6sterilmeden al\u0131nt\u0131 yap\u0131lamaz, Kanuna ayk\u0131r\u0131 ve izinsiz olarak kopyalanamaz, ba\u015fka yerde yay\u0131nlanamaz.<\/p>\n","protected":false},"excerpt":{"rendered":"<p>\u0130\u00e7i\u015fleri Vakan\u0131 Ali Yerlikaya Sosyal medya arac\u0131l\u0131\u011f\u0131yla uyu\u015fturucu madde satan \u015fah\u0131slara y\u00f6nelik yap\u0131lan operasyonlar hakk\u0131nda bilgi verdi. \u0130stanbul merkezli&#8230;<\/p>\n","protected":false},"author":2,"featured_media":599,"comment_status":"open","ping_status":"open","sticky":false,"template":"","format":"standard","meta":{"footnotes":""},"categories":[8,1],"tags":[],"class_list":["post-600","post","type-post","status-publish","format-standard","has-post-thumbnail","hentry","category-arsiv","category-uncategorized"],"_links":{"self":[{"href":"https:\/\/eskigazeteci.com\/index.php?rest_route=\/wp\/v2\/posts\/600","targetHints":{"allow":["GET"]}}],"collection":[{"href":"https:\/\/eskigazeteci.com\/index.php?rest_route=\/wp\/v2\/posts"}],"about":[{"href":"https:\/\/eskigazeteci.com\/index.php?rest_route=\/wp\/v2\/types\/post"}],"author":[{"embeddable":true,"href":"https:\/\/eskigazeteci.com\/index.php?rest_route=\/wp\/v2\/users\/2"}],"replies":[{"embeddable":true,"href":"https:\/\/eskigazeteci.com\/index.php?rest_route=%2Fwp%2Fv2%2Fcomments&post=600"}],"version-history":[{"count":0,"href":"https:\/\/eskigazeteci.com\/index.php?rest_route=\/wp\/v2\/posts\/600\/revisions"}],"wp:featuredmedia":[{"embeddable":true,"href":"https:\/\/eskigazeteci.com\/index.php?rest_route=\/wp\/v2\/media\/599"}],"wp:attachment":[{"href":"https:\/\/eskigazeteci.com\/index.php?rest_route=%2Fwp%2Fv2%2Fmedia&parent=600"}],"wp:term":[{"taxonomy":"category","embeddable":true,"href":"https:\/\/eskigazeteci.com\/index.php?rest_route=%2Fwp%2Fv2%2Fcategories&post=600"},{"taxonomy":"post_tag","embeddable":true,"href":"https:\/\/eskigazeteci.com\/index.php?rest_route=%2Fwp%2Fv2%2Ftags&post=600"}],"curies":[{"name":"wp","href":"https:\/\/api.w.org\/{rel}","templated":true}]}}