{"id":6,"date":"2026-02-06T08:48:32","date_gmt":"2026-02-06T08:48:32","guid":{"rendered":"https:\/\/eskigazeteci.com\/?p=6"},"modified":"2026-02-06T08:48:32","modified_gmt":"2026-02-06T08:48:32","slug":"izmirde-yeni-ulasim-yatirimi-aciklandi","status":"publish","type":"post","link":"https:\/\/eskigazeteci.com\/?p=6","title":{"rendered":"\u0130zmir\u2019de yeni ula\u015f\u0131m yat\u0131r\u0131m\u0131 a\u00e7\u0131kland\u0131"},"content":{"rendered":"<p>\u0130zmir B\u00fcy\u00fck\u015fehir Belediyesi, K\u00f6rfez \u00e7evresinde yeni bir ula\u015f\u0131m hatt\u0131 i\u00e7in ilk etab\u0131 ba\u015flatt\u0131. Proje kapsam\u0131nda duraklar yenileniyor, sefer s\u0131kl\u0131klar\u0131 art\u0131r\u0131l\u0131yor ve b\u00f6lgede yo\u011funlu\u011fu azaltacak alternatif g\u00fczergahlar planlan\u0131yor. \u00c7al\u0131\u015fmalar\u0131n yaz aylar\u0131 \u00f6ncesinde tamamlanmas\u0131 hedefleniyor.<\/p>\n","protected":false},"excerpt":{"rendered":"<p>\u0130zmir B\u00fcy\u00fck\u015fehir Belediyesi, K\u00f6rfez \u00e7evresinde yeni bir ula\u015f\u0131m hatt\u0131 i\u00e7in ilk etab\u0131 ba\u015flatt\u0131.<\/p>\n","protected":false},"author":0,"featured_media":5,"comment_status":"open","ping_status":"open","sticky":false,"template":"","format":"standard","meta":{"footnotes":""},"categories":[8,4],"tags":[],"class_list":["post-6","post","type-post","status-publish","format-standard","has-post-thumbnail","hentry","category-arsiv","category-ege"],"_links":{"self":[{"href":"https:\/\/eskigazeteci.com\/index.php?rest_route=\/wp\/v2\/posts\/6","targetHints":{"allow":["GET"]}}],"collection":[{"href":"https:\/\/eskigazeteci.com\/index.php?rest_route=\/wp\/v2\/posts"}],"about":[{"href":"https:\/\/eskigazeteci.com\/index.php?rest_route=\/wp\/v2\/types\/post"}],"replies":[{"embeddable":true,"href":"https:\/\/eskigazeteci.com\/index.php?rest_route=%2Fwp%2Fv2%2Fcomments&post=6"}],"version-history":[{"count":0,"href":"https:\/\/eskigazeteci.com\/index.php?rest_route=\/wp\/v2\/posts\/6\/revisions"}],"wp:featuredmedia":[{"embeddable":true,"href":"https:\/\/eskigazeteci.com\/index.php?rest_route=\/wp\/v2\/media\/5"}],"wp:attachment":[{"href":"https:\/\/eskigazeteci.com\/index.php?rest_route=%2Fwp%2Fv2%2Fmedia&parent=6"}],"wp:term":[{"taxonomy":"category","embeddable":true,"href":"https:\/\/eskigazeteci.com\/index.php?rest_route=%2Fwp%2Fv2%2Fcategories&post=6"},{"taxonomy":"post_tag","embeddable":true,"href":"https:\/\/eskigazeteci.com\/index.php?rest_route=%2Fwp%2Fv2%2Ftags&post=6"}],"curies":[{"name":"wp","href":"https:\/\/api.w.org\/{rel}","templated":true}]}}