{"id":598,"date":"2026-02-10T05:13:04","date_gmt":"2026-02-10T05:13:04","guid":{"rendered":"https:\/\/eskigazeteci.com\/?p=598"},"modified":"2026-02-10T05:13:04","modified_gmt":"2026-02-10T05:13:04","slug":"fenerbahce-2","status":"publish","type":"post","link":"https:\/\/eskigazeteci.com\/?p=598","title":{"rendered":"Fenerbah\u00e7e"},"content":{"rendered":"<p>S\u00fcper Lig &#x27;in 21. haftas\u0131nda Gen\u00e7lerbirli\u011fi&#x27;ni konuk eden Fenerbah\u00e7e , 3-1&#x27;lik galibiyetle 3 puan\u0131 hanesine yazd\u0131rmay\u0131 ba\u015fard\u0131.<\/p>\n<p>Sar\u0131-lacivertlilere galibiyeti getiren golleri 16. dakikada penalt\u0131dan Anderson Talisca, 27. ve 33. dakikalarda Kerem Akt\u00fcrko\u011flu kaydetti. Gen\u00e7lerbirli\u011fi&#x27;nin tek gol\u00fc ise 55. dakikada Sekou Koita&#x27;dan geldi.<\/p>\n<p>KEREM, 8 MA\u00c7LIK SUSKUNLU\u011eUNU DUBLE YAPARAK BOZDU<\/p>\n<p>Fenerbah\u00e7e&#x27;nin milli futbolcusu Kerem Akt\u00fcrko\u011flu, ligde 8 ma\u00e7l\u0131k suskunlu\u011funu bozdu.<\/p>\n<p>Son olarak 4-2 kazand\u0131klar\u0131 Kayserispor m\u00fcsabakas\u0131nda gol atan Kerem, 8 ma\u00e7\u0131n ard\u0131ndan Gen\u00e7lerbirli\u011fi kar\u015f\u0131s\u0131nda 2 gol buldu.<\/p>\n<p>Kerem, ligdeki gol say\u0131s\u0131n\u0131 3&#x27;e y\u00fckseltirken, toplamda ise 8&#x27;inci say\u0131s\u0131na ula\u015ft\u0131.<\/p>\n<p>KANTE, 62 DAK\u0130KA SAHADA KALDI<\/p>\n<p>Fenerbah\u00e7e&#x27;nin yeni transferi N&#x27;Golo Kante, Gen\u00e7lerbirli\u011fi kar\u015f\u0131s\u0131nda 62 dakika sahada kald\u0131.<\/p>\n<p>\u0130lk ma\u00e7\u0131nda performans\u0131yla be\u011feni toplayan 34 ya\u015f\u0131ndaki oyuncu, 62. dakikada yerini \u0130smail Y\u00fcksek&#x27;e b\u0131rakt\u0131.<\/p>\n<p>Kante oyundan \u00e7\u0131karken trib\u00fcnler uzun s\u00fcre Frans\u0131z oyuncuyu alk\u0131\u015flad\u0131.<\/p>\n<p>O\u011eULCAN \u00dcLG\u00dcN&#x27;DEN \u00d6RNEK DAVRANI\u015e<\/p>\n<p>Kar\u015f\u0131la\u015fman\u0131n 41. dakikas\u0131nda Gen\u00e7lerbirli\u011fi ata\u011f\u0131nda Mert M\u00fcld\u00fcr ceza sahas\u0131 \u00f6n\u00fcnde yerde kal\u0131rken, o noktada topla bulu\u015fan O\u011fulcan \u00dclg\u00fcn, ceza sahas\u0131na girmek \u00fczereyken topu b\u0131rak\u0131p Mert M\u00fcld\u00fcr&#x27;\u00fcn tedavi olmas\u0131n\u0131 sa\u011flad\u0131.<\/p>\n<p>\u00dclg\u00fcn&#x27;\u00fcn bu hareketi sonras\u0131nda b\u00fct\u00fcn trib\u00fcnler 27 ya\u015f\u0131ndaki futbolcuyu alk\u0131\u015flarken, Fenerbah\u00e7eli futbolcular da \u00dclg\u00fcn&#x27;\u00fc hareketinden dolay\u0131 tebrik etti.<\/p>\n<p>U\u011eUR MELEKE VE MEHMET AYAN&#x27;DAN MA\u00c7 DE\u011eERLEND\u0130RMES\u0130<\/p>\n<p>Fenerbah\u00e7e&#x27;nin Gen\u00e7lerbirli\u011fi kar\u015f\u0131s\u0131nda ald\u0131\u011f\u0131 galibiyeti ve O\u011fulcan \u00dclg\u00fcn&#x27;\u00fcn fair-play \u00f6rne\u011fi hareketini H\u00fcrriyet yazarlar\u0131 U\u011fur Meleke ile Mehmet Ayan bug\u00fcn kaleme ald\u0131klar\u0131 k\u00f6\u015fe yaz\u0131lar\u0131nda de\u011ferlendirdi. \u0130\u015fte o yaz\u0131lar;<\/p>\n<p>U\u011eUR MELEKE: AHLAKA DA\u0130R NE VARSA FUTBOLDAN \u00d6\u011eREND\u0130M!<\/p>\n<p>2025 senesinde T\u00fcrkiye\u2019de \u2018su\u00e7a s\u00fcr\u00fcklenen \u00e7ocuk\u2019 say\u0131s\u0131 186 bin 256 olarak ger\u00e7ekle\u015fmi\u015f. T\u00dc\u0130K verilerine g\u00f6re son 10 y\u0131lda y\u00fczde 17 artm\u0131\u015f \u2018su\u00e7a s\u00fcr\u00fcklenen \u00e7ocuk\u2019 say\u0131s\u0131.<\/p>\n<p>Yine \u0130\u00e7i\u015fleri Bakanl\u0131\u011f\u0131\u2019n\u0131n resmi kay\u0131tlar\u0131na g\u00f6re, \u00e7ocuklar\u0131n kar\u0131\u015ft\u0131\u011f\u0131 su\u00e7lar aras\u0131nda kasten yaralamada y\u00fczde 68, cinsel olaylarda y\u00fczde 64, uyu\u015fturucu vakalar\u0131nda y\u00fczde 144 art\u0131\u015f var. En dikkat \u00e7ekici art\u0131\u015fsa maalesef \u00e7ocuklar\u0131n kullan\u0131ld\u0131\u011f\u0131 organize su\u00e7larda. Bu olaylarda kullan\u0131lan \u00e7ocuk say\u0131s\u0131 %236 y\u00fckselmi\u015f.<\/p>\n<p>\u00c7ocuklar\u0131n neden daha fazla yaralamaya, cinsel veya \u00f6rg\u00fctl\u00fc su\u00e7a kar\u0131\u015ft\u0131\u011f\u0131n\u0131 hepimiz biliyoruz. \u0130zledikleri filmler , diziler, dinledikleri m\u00fczikler, oynad\u0131klar\u0131 bilgisayar oyunlar\u0131 su\u00e7u ve su\u00e7luyu y\u00fcceltiyor. Su\u00e7lu maalesef cezaland\u0131r\u0131lm\u0131yor, bilakis takdir g\u00f6r\u00fcyor. Futbol sahas\u0131 da, hem gen\u00e7lerin \u00e7ok fazla izledi\u011fi, \u00f6rnek ald\u0131\u011f\u0131, hem de kabahatin\/haks\u0131zl\u0131\u011f\u0131n\/kurnazl\u0131\u011f\u0131n en \u00e7ok sergilendi\u011fi alanlardan biri.<\/p>\n<p>Yurt sath\u0131nda stadyumlar\u0131 esir alan k\u00fcf\u00fcr\/hakaret dili, vur-k\u0131r-par\u00e7ala-kazan k\u00fclt\u00fcr\u00fc maalesef her ge\u00e7en y\u0131l g\u00fc\u00e7leniyor. Kul\u00fcp y\u00f6neticileri cahille\u015fiyor, medya f\u00fctursuzla\u015f\u0131yor, kurnazl\u0131k y\u00fcceltiliyor, ahlak zay\u0131fl\u0131k olarak addediliyor.<\/p>\n<p>Gen\u00e7lerbirlikli futbolcu O\u011fulcan, rakibi Mert\u2019in yerde oldu\u011funu g\u00f6r\u00fcp oyunu durdurdu\u011funda i\u015fte son d\u00f6nemde sokaklar\u0131 esir alan o \u2018ahlaks\u0131z ahlak\u00e7\u0131l\u0131k\u2019 b\u00fcy\u00fck bir darbe ald\u0131 d\u00fcn. \u00d6ncelikle kongre \u00fcyesi oldu\u011fum kul\u00fcb\u00fcm Gen\u00e7lerbirli\u011fi\u2019nden, sonra da TFF Ba\u015fkan\u0131\u2019ndan ricam, O\u011fulcan \u00dclg\u00fcn\u2019\u00fc bu onurlu davran\u0131\u015f\u0131ndan dolay\u0131 hemen \u00f6d\u00fcllendirmeleri.<\/p>\n<p>Albert Camus \u201chayata ve ahlaka dair ne varsa futboldan \u00f6\u011frendim\u201d demi\u015fti \u00f6yle de\u011fil mi? \u201cZira top, hi\u00e7bir zaman bekledi\u011fim k\u00f6\u015feden gelmedi\u201d<\/p>\n<p>E\u011fer bug\u00fcn ahlakl\u0131y\u0131 \u00f6d\u00fcllendirip, ahlaks\u0131z\u0131 cezaland\u0131rmazsak, eti\u011fi y\u00fcceltip su\u00e7u lanetlemezsek \u00e7ok daha k\u00f6t\u00fc bir gelecek bekliyor hepimizi. E\u011fer \u00e7ocuklar\u0131n daha fazla yaralamayla, cinsel sald\u0131r\u0131yla, \u00f6rg\u00fctl\u00fc su\u00e7larla an\u0131lmas\u0131n\u0131 istemiyorsak onlara do\u011fru \u00f6rnekler olu\u015fturmak zorunday\u0131z. Futbol camias\u0131ndan ricam, O\u011fulcan gibi \u015fahane bir rol modeli hep birlikte y\u00fcceltmek. Onurland\u0131rmak. \u00d6rnek g\u00f6stermek. Ve say\u0131lar\u0131n\u0131 art\u0131rmak&#8230;<\/p>\n<p>MEHMET AYAN: V\u0130RT\u00dc\u00d6Z ASENSIO B\u00d6YLE \u0130STED\u0130!<\/p>\n<p>Fenerbah\u00e7e \u201ck\u00fclt\u00fcrel 9\u201d tak\u0131m\u0131d\u0131r. Ben Sel\u00e7uk Yula\u2019ya yeti\u015ftim. \u00d6ncesinde Cemil Turan i\u00e7in \u201cHem 9 hem 10\u201d b\u00fcy\u00fck y\u0131ld\u0131z derlerdi babalar\u0131m\u0131z. Hasan Vezir, Hooijdonk, Tanju \u00c7olak, Keneth Andersson k\u00fclt\u00fcrel 9\u2019a tam uyan oyuncular. Gol kral\u0131 olsalar dahi ne Aykut Kocaman oturur, ne B\u00fclent Uygun, ne Valencia bu tan\u0131ma&#8230; Sadece oyuncu de\u011fil, Hasan Vezir gibi 1 y\u0131l dahi kalsalar, k\u00fcltt\u00fcr onlar. Her halleriyle&#8230;<\/p>\n<p>Yak\u0131n d\u00f6nemde Fenerbah\u00e7e, tarihi ve k\u00fclt\u00fcrel 9 eksikli\u011fi \u00e7ekti. Kul\u00fcp y\u00f6netimi ve teknik kadro bir t\u00fcrl\u00fc o \u201cesvapta\u201d oyuncuya do\u011fru yelkenleri a\u00e7amad\u0131lar. Tedesco da o r\u00fczgara kap\u0131ld\u0131. Sorumluluk onda. Talisca\u2019dan 9 olur mu? Ku\u015fkuluyum! D\u00fcn gece \u00f6l\u00e7\u00fc m\u00fc bilemem!<\/p>\n<p>Penalt\u0131 tart\u0131\u015fmal\u0131 olsa da s\u0131klet fark\u0131 a\u00e7\u0131kt\u0131. O ana kadar da Alkaralar, rakibine \u00e7ok alan\/zaman b\u0131rakmam\u0131\u015flard\u0131. Golle d\u00fc\u011f\u00fcm \u00e7\u00f6z\u00fcld\u00fc. Ankara temsilcisinin Fenerbah\u00e7e\u2019ye reaksiyonu ne ilk dakikada m\u00fcmk\u00fcnd\u00fc, ne 45 art\u0131 2\u2019de.. Ma\u00e7\u0131n skoru belli olmu\u015f b\u00f6l\u00fcmlerinde ba\u015flardaki direnciyle top oynamaya \u00e7al\u0131\u015fsa da Ankara ekibi kazanmaysa s\u00f6z konusu olan; galip netti.<\/p>\n<p>KEREM B\u00dcY\u00dcK \u0130\u015eLER YAPMALI<\/p>\n<p>Asensio bir virt\u00fc\u00f6z. Hocan\u0131n ne gerek\u00e7e ile olursa olsun, onsuz oyuna ba\u015flamas\u0131n\u0131 hi\u00e7 anlayamayaca\u011f\u0131m kadar b\u00fcy\u00fck bir lider. Kerem\u2019e yapt\u0131\u011f\u0131 asist ile pasta lezzetinde oyununa krema ilave etti.<\/p>\n<p>Milli oyuncunun \u00e7abas\u0131ndan eminim. Vicdani kanaatim yeni formas\u0131n\u0131n de\u011ferini vermek i\u00e7in \u00e7al\u0131\u015ft\u0131\u011f\u0131ndan yana. Ancak kul\u00fcb\u00fcn ona yat\u0131r\u0131m\u0131, Gen\u00e7lerbirli\u011fi ma\u00e7\u0131n\u0131 kurtars\u0131n diye de\u011fildir. Kerem, bu tip ma\u00e7larda daha b\u00fcy\u00fck i\u015flerinin kost\u00fcml\u00fc provalar\u0131n\u0131 yapmal\u0131.<\/p>\n<p>O\u011eULCAN\u2019LAR \u00c7O\u011eALMALI<\/p>\n<p>62 dakikal\u0131k Kante performans\u0131 normal kar\u015f\u0131lanmal\u0131. Etkili g\u00f6r\u00fcnd\u00fc\u011f\u00fc dilimler olsa da tak\u0131ma \u0131s\u0131nmas\u0131 zaman ister. \u0130kinci gol \u00f6ncesi Asensio\u2019ya verdi\u011fi rakibi g\u00fc\u00e7 durumda b\u0131rakan pas\u0131n\u0131 not ettik tabii. Ve ma\u00e7\u0131n \u00f6nemli notuyla bitirmeli&#8230;<\/p>\n<p>Rakibi Mert M\u00fcld\u00fcr\u2019\u00fcn yerde kald\u0131\u011f\u0131n\u0131 g\u00f6r\u00fcnce net gol pozisyonunu devam ettirmeyerek topu b\u0131rakan O\u011fulcan \u00dclg\u00fcn &#8230; Bu \u00e7a\u011fda laz\u0131m adamlardans\u0131n. \u00d6nemli mi bilemem ama benim safl\u0131\u011f\u0131m bunu sal\u0131k veriyor.<\/p>\n<p>T\u00fcrkiye&#x27;den ve D\u00fcnya\u2019dan son dakika haberleri, k\u00f6\u015fe yaz\u0131lar\u0131, magazinden siyasete, spordan seyahate b\u00fct\u00fcn konular\u0131n tek adresi Hurriyet.com.tr haber i\u00e7erikleri izin al\u0131nmadan, kaynak g\u00f6sterilerek dahi iktibas edilemez. Kanuna ayk\u0131r\u0131 ve izinsiz olarak kopyalanamaz, ba\u015fka yerde yay\u0131nlanamaz.<\/p>\n","protected":false},"excerpt":{"rendered":"<p>S\u00fcper Lig&#8217;in 21. haftas\u0131nda Fenerbah\u00e7e sahas\u0131nda kar\u015f\u0131la\u015ft\u0131\u011f\u0131 Gen\u00e7lerbirli\u011fi&#8217;ni 3-1 ma\u011flup ederken ma\u00e7a konuk tak\u0131m\u0131n oyuncusu O\u011fulcan \u00dclg\u00fcn&#8217;\u00fcn hareketi&#8230;<\/p>\n","protected":false},"author":2,"featured_media":597,"comment_status":"open","ping_status":"open","sticky":false,"template":"","format":"standard","meta":{"footnotes":""},"categories":[8,1],"tags":[],"class_list":["post-598","post","type-post","status-publish","format-standard","has-post-thumbnail","hentry","category-arsiv","category-uncategorized"],"_links":{"self":[{"href":"https:\/\/eskigazeteci.com\/index.php?rest_route=\/wp\/v2\/posts\/598","targetHints":{"allow":["GET"]}}],"collection":[{"href":"https:\/\/eskigazeteci.com\/index.php?rest_route=\/wp\/v2\/posts"}],"about":[{"href":"https:\/\/eskigazeteci.com\/index.php?rest_route=\/wp\/v2\/types\/post"}],"author":[{"embeddable":true,"href":"https:\/\/eskigazeteci.com\/index.php?rest_route=\/wp\/v2\/users\/2"}],"replies":[{"embeddable":true,"href":"https:\/\/eskigazeteci.com\/index.php?rest_route=%2Fwp%2Fv2%2Fcomments&post=598"}],"version-history":[{"count":0,"href":"https:\/\/eskigazeteci.com\/index.php?rest_route=\/wp\/v2\/posts\/598\/revisions"}],"wp:featuredmedia":[{"embeddable":true,"href":"https:\/\/eskigazeteci.com\/index.php?rest_route=\/wp\/v2\/media\/597"}],"wp:attachment":[{"href":"https:\/\/eskigazeteci.com\/index.php?rest_route=%2Fwp%2Fv2%2Fmedia&parent=598"}],"wp:term":[{"taxonomy":"category","embeddable":true,"href":"https:\/\/eskigazeteci.com\/index.php?rest_route=%2Fwp%2Fv2%2Fcategories&post=598"},{"taxonomy":"post_tag","embeddable":true,"href":"https:\/\/eskigazeteci.com\/index.php?rest_route=%2Fwp%2Fv2%2Ftags&post=598"}],"curies":[{"name":"wp","href":"https:\/\/api.w.org\/{rel}","templated":true}]}}