{"id":596,"date":"2026-02-10T05:13:03","date_gmt":"2026-02-10T05:13:03","guid":{"rendered":"https:\/\/eskigazeteci.com\/?p=596"},"modified":"2026-02-10T05:13:03","modified_gmt":"2026-02-10T05:13:03","slug":"bosandilar-ama-kalplerine-soz-geciremediler-sensiz-yasayamiyorum","status":"publish","type":"post","link":"https:\/\/eskigazeteci.com\/?p=596","title":{"rendered":"Bo\u015fand\u0131lar ama kalplerine s\u00f6z ge\u00e7iremediler&#8230; Sensiz ya\u015fayam\u0131yorum!"},"content":{"rendered":"<p>Elbette arada \u00e7ocuk ya da \u00e7ocuklar oldu\u011funda bo\u015fanan \u00e7iftlerin birbirlerini bir daha g\u00f6rmemesi m\u00fcmk\u00fcn de\u011fil. Ama bu \u00fcnl\u00fc \u00e7iftin ortak bir \u00e7ocuklar\u0131 da yok. Buna ra\u011fmen de bo\u015fanm\u0131\u015f olsalar da birbirlerinin hayat\u0131ndan \u00e7\u0131km\u0131yorlar.<\/p>\n<p>Bu anlatt\u0131\u011f\u0131m\u0131z \u00e7ift, bir zamanlar Bennifer olarak an\u0131lan Jennifer Lopez ile Ben Affleck. Onlar\u0131n maceras\u0131n\u0131 da b\u00fcy\u00fck olas\u0131l\u0131kla d\u00fcnyada bilmeyen kalmad\u0131.<\/p>\n<p>\u00d6nce 2000&#x27;lerin ba\u015f\u0131nda set a\u015fklar\u0131n\u0131 ni\u015fana ta\u015f\u0131d\u0131. Ama evlenmeden ayr\u0131ld\u0131lar. Sonra Lopez, Marc Anthony ile evlenip ikiz \u00e7ocuk annesi oldu. Affleck de Jennifer Garner ile yuva kurdu ve \u00fc\u00e7 \u00e7ocuklar\u0131 d\u00fcnyaya geldi.<\/p>\n<p>Ama belli ki kader Lopez ile Affleck&#x27;in tamam\u0131n ayr\u0131lmas\u0131na raz\u0131 gelmedi. Aradan y\u0131llar ge\u00e7tikten sonra 2021&#x27;de a\u015fklar\u0131 yine alevlendi. Bir y\u0131l sonra evlendiler. Herkes bu kez muratlar\u0131na tamamen erdiklerini d\u00fc\u015f\u00fcn\u00fcrken \u00f6yle olmad\u0131\u011f\u0131 ortaya \u00e7\u0131kt\u0131. \u0130ki y\u0131l sonra bo\u015fand\u0131lar. Yine de buna ra\u011fmen birbirlerinin hayat\u0131ndan tamamen \u00e7\u0131kamad\u0131lar.<\/p>\n<p>Her ne kadar Lopez ile Affleck&#x27;in ortak \u00e7ocuklar\u0131 olmasa da eski evliliklerinden d\u00fcnyaya gelen toplam be\u015f \u00e7ocukla kocaman bir aile olmu\u015flard\u0131. Bir g\u00f6r\u00fc\u015fe g\u00f6re bu \u00e7ocuklar\u0131n karde\u015f gibi ge\u00e7inmesi ve kayna\u015fmas\u0131 nedeniyle de JLo ile Affleck birbirlerinden kopam\u0131yor.<\/p>\n<p>Lopez ile Affleck bu durumun son \u00f6rne\u011fini de k\u0131sa bir s\u00fcre \u00f6nce sergiledi. Eski \u00e7ift, Ben Affleck&#x27;in Jennifer Garner ile evlili\u011finden d\u00fcnyaya gelen o\u011flu Samuel ile birlikte \u00e7\u0131kt\u0131klar\u0131 bir al\u0131\u015fveri\u015fte g\u00f6r\u00fcnt\u00fclendi. Sonra da oturup hep birlikte bir yemek yediler.<\/p>\n<p>S\u00f6ylenenlere bak\u0131l\u0131rsa Lopez ile Affleck, yanlar\u0131nda 13 ya\u015f\u0131ndaki Samuel ile birlikte sanki mutlu bir \u00e7ift gibi g\u00f6r\u00fcn\u00fcyordu&#8230; Eski \u00e7ifti b\u00f6yle g\u00f6ren baz\u0131 tan\u0131klar &quot;Onlar\u0131 tan\u0131masak, k\u00fc\u00e7\u00fck evlatlar\u0131yla birlikte al\u0131\u015fveri\u015fe \u00e7\u0131km\u0131\u015f bir evli \u00e7ift olduklar\u0131n\u0131 d\u00fc\u015f\u00fcnebilirdik&quot; diye konu\u015ftu.<\/p>\n<p>\u0130ddialara g\u00f6re Jennifer Lopez ile Ben Affleck, art\u0131k bir \u00e7ift olmasalar bile \u00f6zellikle de \u00e7ocuklar s\u00f6z konusu oldu\u011funda birlikte vakit ge\u00e7irmek i\u00e7in her f\u0131rsat\u0131 de\u011ferlendiriyorlar. Bir kaynak bu konuda &quot;Ger\u00e7ekten de her f\u0131rsatta bir araya geliyorlar. Bundan hem Jennifer hem de Ben b\u00fcy\u00fck zevk al\u0131yor&quot; diye konu\u015ftu.<\/p>\n<p>Lopez ile Affleck, evli olduklar\u0131 s\u0131rada g\u00fczel y\u0131ld\u0131z\u0131n Marc Anthony ile evlili\u011finden d\u00fcnyaya gelen ikizleri Max ve Emme ile, Affleck&#x27;in Jennfier Garner evlili\u011finden do\u011fan Violet, Finn ve Samuel karde\u015f gibi iyi ge\u00e7inmeye ba\u015flam\u0131\u015ft\u0131. S\u00f6ylenenlere g\u00f6re \u00e7ocuklar\u0131n birlikte mutlu oldu\u011funu g\u00f6ren Lopez ile Affleck de bunu bozmamak i\u00e7in g\u00f6r\u00fc\u015fmeyi s\u00fcrd\u00fcr\u00fcyor.<\/p>\n<p>Di\u011fer yandan Lopez ve Affleck ile ilgili konu\u015fulan ba\u015fka ilgin\u00e7 ayr\u0131nt\u0131lar da var. Buna g\u00f6re gelecekte onlar\u0131 yeniden Bennifer olarak anmak o kadar da olmayacak bir durum de\u011fil. \u00c7\u00fcnk\u00fc ikisi de iflah olmaz romantikler. Birlikte gayet dokunakl\u0131 bir ortak ge\u00e7mi\u015fleri var.<\/p>\n<p>Bir ba\u015fka s\u00f6ylentiye g\u00f6re Lopez ile Affleck yeniden bir araya gelip ili\u015fkilerine \u00fc\u00e7\u00fcnc\u00fc bir \u015fans daha vermelerinin \u00f6n\u00fcnde bir engel var. B\u00f6yle bir durumda g\u00f6recekleri ilgi&#8230; Bu da ikisinin de \u00fczerinde b\u00fcy\u00fck bir bask\u0131 yaratacak.<\/p>\n<p>Yine de ortada olan bir ger\u00e7ek var. Jennifer Lopez ile Ben Affleck, birbirlerinden tamamen kopamad\u0131lar. G\u00f6r\u00fcn\u00fc\u015fe g\u00f6re kopamayacaklar da.. Ta ki i\u00e7lerinden birinin hayat\u0131na romantik ili\u015fki ya\u015fayaca\u011f\u0131 biri girinceye kadar.<\/p>\n<p>T\u00fcrkiye&#x27;den ve D\u00fcnya\u2019dan son dakika haberleri, k\u00f6\u015fe yaz\u0131lar\u0131, magazinden siyasete, spordan seyahate b\u00fct\u00fcn konular\u0131n tek adresi Hurriyet.com.tr haber i\u00e7erikleri izin al\u0131nmadan, kaynak g\u00f6sterilerek dahi iktibas edilemez. Kanuna ayk\u0131r\u0131 ve izinsiz olarak kopyalanamaz, ba\u015fka yerde yay\u0131nlanamaz.<\/p>\n","protected":false},"excerpt":{"rendered":"<p>Baz\u0131 insanlar vard\u0131r&#8230; E\u015fleri ya da sevgilileriyle yollar\u0131n\u0131 ay\u0131rsalar da bir t\u00fcrl\u00fc onlar\u0131 tam olarak hayatlar\u0131ndan \u00e7\u0131karamazlar. Onlar\u0131n \u00e7ekip gitmesine de&#8230;<\/p>\n","protected":false},"author":2,"featured_media":595,"comment_status":"open","ping_status":"open","sticky":false,"template":"","format":"standard","meta":{"footnotes":""},"categories":[8,1],"tags":[],"class_list":["post-596","post","type-post","status-publish","format-standard","has-post-thumbnail","hentry","category-arsiv","category-uncategorized"],"_links":{"self":[{"href":"https:\/\/eskigazeteci.com\/index.php?rest_route=\/wp\/v2\/posts\/596","targetHints":{"allow":["GET"]}}],"collection":[{"href":"https:\/\/eskigazeteci.com\/index.php?rest_route=\/wp\/v2\/posts"}],"about":[{"href":"https:\/\/eskigazeteci.com\/index.php?rest_route=\/wp\/v2\/types\/post"}],"author":[{"embeddable":true,"href":"https:\/\/eskigazeteci.com\/index.php?rest_route=\/wp\/v2\/users\/2"}],"replies":[{"embeddable":true,"href":"https:\/\/eskigazeteci.com\/index.php?rest_route=%2Fwp%2Fv2%2Fcomments&post=596"}],"version-history":[{"count":0,"href":"https:\/\/eskigazeteci.com\/index.php?rest_route=\/wp\/v2\/posts\/596\/revisions"}],"wp:featuredmedia":[{"embeddable":true,"href":"https:\/\/eskigazeteci.com\/index.php?rest_route=\/wp\/v2\/media\/595"}],"wp:attachment":[{"href":"https:\/\/eskigazeteci.com\/index.php?rest_route=%2Fwp%2Fv2%2Fmedia&parent=596"}],"wp:term":[{"taxonomy":"category","embeddable":true,"href":"https:\/\/eskigazeteci.com\/index.php?rest_route=%2Fwp%2Fv2%2Fcategories&post=596"},{"taxonomy":"post_tag","embeddable":true,"href":"https:\/\/eskigazeteci.com\/index.php?rest_route=%2Fwp%2Fv2%2Ftags&post=596"}],"curies":[{"name":"wp","href":"https:\/\/api.w.org\/{rel}","templated":true}]}}