{"id":594,"date":"2026-02-10T05:13:01","date_gmt":"2026-02-10T05:13:01","guid":{"rendered":"https:\/\/eskigazeteci.com\/?p=594"},"modified":"2026-02-10T05:13:01","modified_gmt":"2026-02-10T05:13:01","slug":"migren-sandi-kanserin-vucudunu-sardigini-ogrendi-geride-birakacagi-cocuklarina-agliyordu-gozyaslari-en-sonunda-kurudu","status":"publish","type":"post","link":"https:\/\/eskigazeteci.com\/?p=594","title":{"rendered":"Migren sand\u0131, kanserin v\u00fccudunu sard\u0131\u011f\u0131n\u0131 \u00f6\u011frendi\u2026 Geride b\u0131rakaca\u011f\u0131 \u00e7ocuklar\u0131na a\u011fl\u0131yordu\u2026 G\u00f6zya\u015flar\u0131 en sonunda kurudu"},"content":{"rendered":"<p>Televizyonlar\u0131n en \u00e7ok izlenen reality \u015fovlar\u0131ndan &quot;Real Housewives of Beverly Hills&quot;in y\u0131ld\u0131z ismi ve ayn\u0131 zamanda da \u00fcnl\u00fc \u015fark\u0131c\u0131 John Mellencamp\u2019\u0131n k\u0131z\u0131 olan Teddi Mellencamp bundan tam bir y\u0131l \u00f6nce \u00e7ok a\u011f\u0131r bir beyin ameliyat\u0131 ge\u00e7irmi\u015fti.<\/p>\n<p>\u00dcnl\u00fc oyuncu ya\u015fad\u0131\u011f\u0131 k\u00e2busun ba\u015flamas\u0131ndan tam bir y\u0131l sonra Instagram hesab\u0131ndan duygu dolu bir payla\u015f\u0131m yaparak ya\u015fad\u0131klar\u0131n\u0131 anlatt\u0131 ve bu zorlu s\u00fcre\u00e7te yan\u0131nda olanlara, ya\u015fad\u0131\u011f\u0131 mucizeye olan minnettarl\u0131\u011f\u0131n\u0131 dile getirdi.<\/p>\n<p>2022\u2019de cilt kanserinin en \u00f6l\u00fcmc\u00fcl t\u00fcr\u00fc olan melanoma yakalanan Teddi Mellencamp defalarca ameliyat olduktan ve a\u011f\u0131r tedaviler g\u00f6rd\u00fckten sonra iyile\u015fti\u011fini ve art\u0131k hayat\u0131na kald\u0131\u011f\u0131 yerden devam edece\u011fini d\u00fc\u015f\u00fcnm\u00fc\u015ft\u00fc.<\/p>\n<p>Hastanede \u00e7ekilmi\u015f bir foto\u011fraf\u0131n\u0131n alt\u0131na &quot;Bir y\u0131l \u00f6nce bug\u00fcn migrenim oldu\u011funu d\u00fc\u015f\u00fcnerek acil servise gittim ve 24 saat i\u00e7inde beynimdeki erik b\u00fcy\u00fckl\u00fc\u011f\u00fcndeki 4. evre t\u00fcm\u00f6rler i\u00e7in ameliyat oldum.&quot; yazan Teddi Mellencamp yendi\u011fini sand\u0131\u011f\u0131 kanserin beynine ve akci\u011ferlerine s\u0131\u00e7rad\u0131\u011f\u0131n\u0131 \u00f6\u011frenerek y\u0131k\u0131lm\u0131\u015ft\u0131.<\/p>\n<p>&quot;Bug\u00fcnle ilgili \u00e7ok fazla endi\u015fem var ama ayn\u0131 zamanda \u00e7ok fazla minnettar\u0131m. Bana bakan doktorlara ve hem\u015firelere, beni destekleyen aileme ve arkada\u015flar\u0131ma ve bana g\u00f6sterdi\u011finiz t\u00fcm sevgiye minnettar\u0131m.&quot; yazan 44 ya\u015f\u0131ndaki y\u0131ld\u0131z isim &quot;\u0130\u00e7g\u00fcd\u00fclerinize g\u00fcvenin. Kendinizi kontrol ettirin, mutlaka doktora g\u00f6r\u00fcn\u00fcn&quot; diyerek s\u00f6zlerini tamamlad\u0131.<\/p>\n<p>Teddi Mellencamp\u2019\u0131n bu i\u00e7ten payla\u015f\u0131m\u0131n\u0131n alt\u0131 hem \u00fcnl\u00fc dostlar\u0131ndan hem de hayranlar\u0131ndan gelen destek mesajlar\u0131yla dolup ta\u015ft\u0131.<\/p>\n<p>\u00dcnl\u00fc reality \u015fov y\u0131ld\u0131z\u0131 Ekim 2022&#x27;de 2. evre melanoma te\u015fhisini a\u00e7\u0131klam\u0131\u015f ve kanseri yendi\u011fini d\u00fc\u015f\u00fcn\u00fcrken \u015eubat 2025&#x27;te yeniden b\u00fcy\u00fck bir k\u00e2busun i\u00e7ine d\u00fc\u015fm\u00fc\u015ft\u00fc.<\/p>\n<p>Beynindeki \u00e7ok say\u0131da t\u00fcm\u00f6r\u00fcn en tehlikeli olanlar\u0131 acil bir ameliyatla al\u0131nd\u0131ktan sonra yo\u011fun bir kemoterapi s\u00fcreci ge\u00e7iren ve doktorlar\u0131n ya\u015fama \u015fans\u0131n\u0131n y\u00fczde 50 oldu\u011funu s\u00f6yledi\u011fi Teddi Mellencamp t\u00fcm bu s\u00fcre\u00e7te ya\u015fad\u0131klar\u0131n\u0131 d\u00fczenli olarak sosyal medyadan payla\u015fmaya devam etti.<\/p>\n<p>Bir yandan iyile\u015fmek i\u00e7in \u00e7ok \u00e7aba harcayan ve umudunu y\u00fcksek tutmaya \u00e7al\u0131\u015fan \u00fcnl\u00fc isim bir yandan da b\u00fcy\u00fck bir korku ya\u015fam\u0131\u015f ve \u00f6lece\u011fini d\u00fc\u015f\u00fcnerek geriden b\u0131rakaca\u011f\u0131 \u00fc\u00e7 k\u00fc\u00e7\u00fck \u00e7ocu\u011fu i\u00e7in g\u00f6zya\u015f\u0131 d\u00f6kmeye ba\u015flam\u0131\u015ft\u0131.<\/p>\n<p>Umutlar t\u00fckenir ve Teddi Mellencamp \u00e7ocuklar\u0131n\u0131 kendi yoklu\u011funa haz\u0131rlamaya \u00e7al\u0131\u015f\u0131rken adeta bir mucize ger\u00e7ekle\u015fti ve tedavi \u015fans\u0131 \u00e7ok d\u00fc\u015f\u00fck g\u00f6r\u00fclse de kemoterapi ve ba\u011f\u0131\u015f\u0131kl\u0131k sistemi tedavileri cevap veren \u00fcnl\u00fc oyuncu kanseri bir kez daha yenmeyi ba\u015fard\u0131.<\/p>\n<p>Teddi Mellencamp o korkun\u00e7 haberi almas\u0131n\u0131n y\u0131l d\u00f6n\u00fcm\u00fcnde yapt\u0131\u011f\u0131 payla\u015f\u0131mda art\u0131k daha iyi oldu\u011funu \u201cFiziksel olarak iyi bir durumda oldu\u011fumu d\u00fc\u015f\u00fcn\u00fcyorum\u2026 Kanser s\u00f6z konusu oldu\u011funda genellikle konu\u015fmad\u0131\u011f\u0131m\u0131z \u015fey, t\u00fcm ameliyatlardan ve t\u00fcm testlerden sonra nas\u0131l hissetti\u011finizdir. Ruh halinizin nas\u0131l oldu\u011fudur. Ve bu \u00e7ok ac\u0131 verici bir \u015fey\u201d s\u00f6zleriyle anlatt\u0131.<\/p>\n<p>Teddi Mellencamp Ekim 2025&#x27;te, 4. evre kanserinin &quot;ge\u00e7ti\u011fini&quot; a\u00e7\u0131klad\u0131 ancak \u00fcnl\u00fc oyuncu i\u00e7in her \u015fey hen\u00fcz bitmi\u015f de\u011fil. Yap\u0131lan tarama testlerinde v\u00fccudunda kansere rastlamasa da Mellancamp tedavi g\u00f6rmeye devam edecek ve ancak birka\u00e7 sene sonra kanserden tamamen kurtuldu\u011fu belli olacak.<\/p>\n<p>Y\u0131ld\u0131z isim ge\u00e7ti\u011fimiz g\u00fcnlerde kanser m\u00fccadelesinin b\u0131rakt\u0131\u011f\u0131 tahribat\u0131 atlatmak i\u00e7in terapiye y\u00f6neldi\u011fini a\u00e7\u0131klam\u0131\u015ft\u0131. Teddi Mellencamp acil ameliyat\u0131n\u0131 \u201cdo\u011fru \u015fekilde sindiremedi\u011fini\u201d, uzun s\u00fcre \u00e7ocuklar\u0131n\u0131 g\u00f6remedi\u011fini ve bu s\u00fcre\u00e7te 13 y\u0131ll\u0131k evlili\u011fin ard\u0131ndan kocas\u0131 Edwin Arroyave&#x27;den de ayr\u0131ld\u0131\u011f\u0131n\u0131 anlatt\u0131.<\/p>\n<p>Korkun\u00e7 bir hastal\u0131kla m\u00fccadele etmek zorunda kalsa da kendini bir\u00e7ok a\u00e7\u0131dan \u00e7ok \u015fansl\u0131 sayd\u0131\u011f\u0131n\u0131 itiraf eden Teddi Mellencamp \u2019a bu zorlu s\u00fcre\u00e7te en b\u00fcy\u00fck destek de ayr\u0131 ya\u015fad\u0131\u011f\u0131 e\u015finden geldi\u2026<\/p>\n<p>Kanserin beynine s\u0131\u00e7rad\u0131\u011f\u0131 ortaya \u00e7\u0131k\u0131nca bo\u015fanma davalar\u0131n\u0131 ask\u0131ya alan e\u015fler t\u00fcm bu hastane s\u00fcre\u00e7leri boyunca yan yanayd\u0131. Ayr\u0131lm\u0131\u015f olsalar da Edwin Arroyave , \u00fc\u00e7 \u00e7ocu\u011funun annesi Teddi Mellancamp\u2019\u0131n ba\u015fucundan ayr\u0131lmad\u0131 ve ona t\u00fcm bu ameliyat ve tedavi s\u00fcreci boyunca destek olmaya hep devam etti.<\/p>\n<p>\u00c7iftin 13 y\u0131ll\u0131k evliliklerinden 13 ya\u015f\u0131nda Slate, 11 ya\u015f\u0131nda Cruz ve 5 ya\u015f\u0131nda Dove ad\u0131nda \u00fc\u00e7 \u00e7ocuklar\u0131 var.<\/p>\n<p>T\u00fcrkiye&#x27;den ve D\u00fcnya\u2019dan son dakika haberleri, k\u00f6\u015fe yaz\u0131lar\u0131, magazinden siyasete, spordan seyahate b\u00fct\u00fcn konular\u0131n tek adresi Hurriyet.com.tr haber i\u00e7erikleri izin al\u0131nmadan, kaynak g\u00f6sterilerek dahi iktibas edilemez. Kanuna ayk\u0131r\u0131 ve izinsiz olarak kopyalanamaz, ba\u015fka yerde yay\u0131nlanamaz.<\/p>\n","protected":false},"excerpt":{"rendered":"<p>Ekranlar\u0131n \u00fcnl\u00fc y\u00fcz\u00fc bundan tam bir y\u0131l \u00f6nce hayat\u0131n\u0131 de\u011fi\u015ftiren, de\u011fi\u015ftirmekle kalmay\u0131p tepetaklak eden s\u00f6zleri duyacakt\u0131. Yendi\u011fini sand\u0131\u011f\u0131 kanserin&#8230;<\/p>\n","protected":false},"author":2,"featured_media":593,"comment_status":"open","ping_status":"open","sticky":false,"template":"","format":"standard","meta":{"footnotes":""},"categories":[8,1],"tags":[],"class_list":["post-594","post","type-post","status-publish","format-standard","has-post-thumbnail","hentry","category-arsiv","category-uncategorized"],"_links":{"self":[{"href":"https:\/\/eskigazeteci.com\/index.php?rest_route=\/wp\/v2\/posts\/594","targetHints":{"allow":["GET"]}}],"collection":[{"href":"https:\/\/eskigazeteci.com\/index.php?rest_route=\/wp\/v2\/posts"}],"about":[{"href":"https:\/\/eskigazeteci.com\/index.php?rest_route=\/wp\/v2\/types\/post"}],"author":[{"embeddable":true,"href":"https:\/\/eskigazeteci.com\/index.php?rest_route=\/wp\/v2\/users\/2"}],"replies":[{"embeddable":true,"href":"https:\/\/eskigazeteci.com\/index.php?rest_route=%2Fwp%2Fv2%2Fcomments&post=594"}],"version-history":[{"count":0,"href":"https:\/\/eskigazeteci.com\/index.php?rest_route=\/wp\/v2\/posts\/594\/revisions"}],"wp:featuredmedia":[{"embeddable":true,"href":"https:\/\/eskigazeteci.com\/index.php?rest_route=\/wp\/v2\/media\/593"}],"wp:attachment":[{"href":"https:\/\/eskigazeteci.com\/index.php?rest_route=%2Fwp%2Fv2%2Fmedia&parent=594"}],"wp:term":[{"taxonomy":"category","embeddable":true,"href":"https:\/\/eskigazeteci.com\/index.php?rest_route=%2Fwp%2Fv2%2Fcategories&post=594"},{"taxonomy":"post_tag","embeddable":true,"href":"https:\/\/eskigazeteci.com\/index.php?rest_route=%2Fwp%2Fv2%2Ftags&post=594"}],"curies":[{"name":"wp","href":"https:\/\/api.w.org\/{rel}","templated":true}]}}