{"id":588,"date":"2026-02-10T04:53:00","date_gmt":"2026-02-10T04:53:00","guid":{"rendered":"https:\/\/eskigazeteci.com\/?p=588"},"modified":"2026-02-10T04:53:00","modified_gmt":"2026-02-10T04:53:00","slug":"umraniyede-zincirleme-kaza-trafik-yogunlugu-olustu","status":"publish","type":"post","link":"https:\/\/eskigazeteci.com\/?p=588","title":{"rendered":"\u00dcmraniye&#8217;de zincirleme kaza: Trafik yo\u011funlu\u011fu olu\u015ftu"},"content":{"rendered":"<p>TEM Otoyolu Edirne istikameti \u00dcmraniye Fatih Sultan Mehmet K\u00f6pr\u00fcs\u00fc ayr\u0131m\u0131nda 8 arac\u0131n kar\u0131\u015ft\u0131\u011f\u0131 zincirleme trafik kazas\u0131 meydana geldi. \u00dcmraniye&#x27;de 8 arac\u0131n kar\u0131\u015ft\u0131\u011f\u0131 zincirleme trafik kazas\u0131 ula\u015f\u0131m\u0131n aksamas\u0131na neden oldu.<\/p>\n<p>\u0130hbar \u00fczerine b\u00f6lgeye polis, sa\u011fl\u0131k ve itfaiye ekipleri sevk edildi. Kaza nedeniyle otoyolun Edirne istikametinde ara\u00e7 yo\u011funlu\u011fu olu\u015ftu.<\/p>\n<p>\u00c7evrede g\u00fcvenlik \u00f6nlemi alan polis ekipleri, trafik ak\u0131\u015f\u0131n\u0131 kontroll\u00fc olarak sa\u011flad\u0131. Kimsenin yara almadan atlatt\u0131\u011f\u0131 kazada, ara\u00e7larda hasar olu\u015ftu. Kazaya kar\u0131\u015fan ara\u00e7lar\u0131n, \u00e7ekici yard\u0131m\u0131yla yoldan kald\u0131r\u0131lmas\u0131 i\u00e7in \u00e7al\u0131\u015fma ba\u015flat\u0131ld\u0131.<\/p>\n<p>T\u00fcrkiye g\u00fcndeminden son dakika haberleri, bug\u00fcn ya\u015fanan en son geli\u015fmeler, siyaset g\u00fcndeminden g\u00fcncel haberler ve b\u00fct\u00fcn son dakika haberleri i\u00e7in H\u00fcrriyet&#x27;in internet haber sitesi hurriyet.com.tr; Hurriyet.com.tr haber i\u00e7erikleri kaynak g\u00f6sterilmeden al\u0131nt\u0131 yap\u0131lamaz, Kanuna ayk\u0131r\u0131 ve izinsiz olarak kopyalanamaz, ba\u015fka yerde yay\u0131nlanamaz.<\/p>\n","protected":false},"excerpt":{"rendered":"<p>\u00dcmraniye TEM Otoyolu&#8217;nda 8 arac\u0131n kar\u0131\u015ft\u0131\u011f\u0131 zincirleme kaza meydana geldi. Kazada \u00f6len ya da yaralanan olmazken, TEM Otoyolu&#8217;nda trafik yo\u011funlu\u011fu olu\u015ftu.<\/p>\n","protected":false},"author":2,"featured_media":587,"comment_status":"open","ping_status":"open","sticky":false,"template":"","format":"standard","meta":{"footnotes":""},"categories":[8,1],"tags":[],"class_list":["post-588","post","type-post","status-publish","format-standard","has-post-thumbnail","hentry","category-arsiv","category-uncategorized"],"_links":{"self":[{"href":"https:\/\/eskigazeteci.com\/index.php?rest_route=\/wp\/v2\/posts\/588","targetHints":{"allow":["GET"]}}],"collection":[{"href":"https:\/\/eskigazeteci.com\/index.php?rest_route=\/wp\/v2\/posts"}],"about":[{"href":"https:\/\/eskigazeteci.com\/index.php?rest_route=\/wp\/v2\/types\/post"}],"author":[{"embeddable":true,"href":"https:\/\/eskigazeteci.com\/index.php?rest_route=\/wp\/v2\/users\/2"}],"replies":[{"embeddable":true,"href":"https:\/\/eskigazeteci.com\/index.php?rest_route=%2Fwp%2Fv2%2Fcomments&post=588"}],"version-history":[{"count":0,"href":"https:\/\/eskigazeteci.com\/index.php?rest_route=\/wp\/v2\/posts\/588\/revisions"}],"wp:featuredmedia":[{"embeddable":true,"href":"https:\/\/eskigazeteci.com\/index.php?rest_route=\/wp\/v2\/media\/587"}],"wp:attachment":[{"href":"https:\/\/eskigazeteci.com\/index.php?rest_route=%2Fwp%2Fv2%2Fmedia&parent=588"}],"wp:term":[{"taxonomy":"category","embeddable":true,"href":"https:\/\/eskigazeteci.com\/index.php?rest_route=%2Fwp%2Fv2%2Fcategories&post=588"},{"taxonomy":"post_tag","embeddable":true,"href":"https:\/\/eskigazeteci.com\/index.php?rest_route=%2Fwp%2Fv2%2Ftags&post=588"}],"curies":[{"name":"wp","href":"https:\/\/api.w.org\/{rel}","templated":true}]}}