{"id":586,"date":"2026-02-10T04:52:59","date_gmt":"2026-02-10T04:52:59","guid":{"rendered":"https:\/\/eskigazeteci.com\/?p=586"},"modified":"2026-02-10T04:52:59","modified_gmt":"2026-02-10T04:52:59","slug":"cemre-dusme-tarihleri-2026-siralamasi-gunleri-ve-araliklari","status":"publish","type":"post","link":"https:\/\/eskigazeteci.com\/?p=586","title":{"rendered":"CEMRE D\u00dc\u015eME TAR\u0130HLER\u0130 2026 SIRALAMASI, G\u00dcNLER\u0130 VE ARALIKLARI"},"content":{"rendered":"<p>Cemre d\u00fc\u015fme tarihleri 2026 y\u0131l\u0131nda havalar\u0131n \u0131s\u0131naca\u011f\u0131 tarihleri merak eden ki\u015filerce ara\u015ft\u0131r\u0131l\u0131yor. 2026 y\u0131l\u0131 itibar\u0131yla k\u0131\u015f mevsiminin sert ge\u00e7ti\u011fi b\u00f6lgelerde umutla beklenen bu do\u011fa olay\u0131, geleneksel halk takvimine g\u00f6re Kas\u0131m g\u00fcnlerinin 100. g\u00fcn\u00fcnden itibaren hesaplan\u0131yor. \u201cCemreler ne zaman d\u00fc\u015fecek?\u201d sorusu zaman zaman arama motorunda \u00fcst s\u0131ralarda yer al\u0131yor. Her y\u0131l \u015eubat ay\u0131n\u0131n sonuna do\u011fru ba\u015flayan bu s\u00fcre\u00e7, atmosferdeki so\u011fuk zincirinin k\u0131r\u0131lmas\u0131yla start al\u0131yor. Ancak uzmanlar, cemrelerin d\u00fc\u015fmesinin hemen ard\u0131ndan ya\u015fanabilecek &quot;Kocakar\u0131 So\u011fuklar\u0131&quot; (Berdelac\u00fcz) gibi k\u0131sa s\u00fcreli so\u011fuk dalgalar\u0131na kar\u015f\u0131 da dikkatli olunmas\u0131 gerekti\u011fini hat\u0131rlat\u0131yor. Peki, Cemre suya, topra\u011fa, havaya ne zaman d\u00fc\u015fer?<\/p>\n<p>Cemre d\u00fc\u015fme tarihleri 2026 y\u0131l\u0131nda havalar\u0131n \u0131s\u0131naca\u011f\u0131 tarihleri merak eden ki\u015filerce ara\u015ft\u0131r\u0131l\u0131yor. 2026 y\u0131l\u0131 itibar\u0131yla k\u0131\u015f mevsiminin sert ge\u00e7ti\u011fi b\u00f6lgelerde umutla beklenen bu do\u011fa olay\u0131, geleneksel halk takvimine g\u00f6re Kas\u0131m g\u00fcnlerinin 100. g\u00fcn\u00fcnden itibaren hesaplan\u0131yor. \u201cCemreler ne zaman d\u00fc\u015fecek?\u201d sorusu zaman zaman arama motorunda \u00fcst s\u0131ralarda yer al\u0131yor. Her y\u0131l \u015eubat ay\u0131n\u0131n sonuna do\u011fru ba\u015flayan bu s\u00fcre\u00e7, atmosferdeki so\u011fuk zincirinin k\u0131r\u0131lmas\u0131yla start al\u0131yor. Ancak uzmanlar, cemrelerin d\u00fc\u015fmesinin hemen ard\u0131ndan ya\u015fanabilecek &quot;Kocakar\u0131 So\u011fuklar\u0131&quot; (Berdelac\u00fcz) gibi k\u0131sa s\u00fcreli so\u011fuk dalgalar\u0131na kar\u015f\u0131 da dikkatli olunmas\u0131 gerekti\u011fini hat\u0131rlat\u0131yor. Peki, Cemre suya, topra\u011fa, havaya ne zaman d\u00fc\u015fer?<\/p>\n<p>2026 y\u0131l\u0131nda cemreler, her y\u0131l oldu\u011fu gibi \u015eubat ay\u0131n\u0131n ikinci yar\u0131s\u0131ndan itibaren birer hafta arayla yery\u00fcz\u00fcne &quot;d\u00fc\u015fecek&quot;. Cemre, halk takvimine g\u00f6re Kas\u0131m g\u00fcnlerinin 100. g\u00fcn\u00fcnden itibaren hesaplan\u0131yor.<\/p>\n<p>2026 y\u0131l\u0131nda cemreler, her y\u0131l oldu\u011fu gibi \u015eubat ay\u0131n\u0131n ikinci yar\u0131s\u0131ndan itibaren birer hafta arayla yery\u00fcz\u00fcne &quot;d\u00fc\u015fecek&quot;. Cemre, halk takvimine g\u00f6re Kas\u0131m g\u00fcnlerinin 100. g\u00fcn\u00fcnden itibaren hesaplan\u0131yor.<\/p>\n<p>1. Cemre (Havaya): 19 &#8211; 20 \u015eubat 2026 2. Cemre (Suya): 26 &#8211; 27 \u015eubat 2026 3. Cemre (Topra\u011fa): 5 &#8211; 6 Mart 2026<\/p>\n<p>Halk inan\u0131\u015f\u0131na g\u00f6re cemrelerin d\u00fc\u015fmesi, do\u011fadaki \u0131s\u0131nman\u0131n kademeli olarak ger\u00e7ekle\u015fti\u011fini ifade eder. Bu s\u00fcre\u00e7 \u015fu \u015fekilde i\u015fler: \u0130lk Cemre (Havaya): Atmosferdeki sert so\u011fuklar\u0131n yerini daha yumu\u015fak bir havaya b\u0131rakmas\u0131d\u0131r. G\u00fcne\u015f \u0131\u015f\u0131nlar\u0131n\u0131n etkisi art\u0131k daha fazla hissedilir. \u0130kinci Cemre (Suya): Denizlerin, g\u00f6llerin ve nehirlerin \u0131s\u0131nmaya ba\u015flamas\u0131n\u0131 temsil eder. Su s\u0131cakl\u0131\u011f\u0131n\u0131n artmas\u0131yla birlikte sudaki ya\u015fam canlan\u0131r. \u00dc\u00e7\u00fcnc\u00fc Cemre (Topra\u011fa): Topra\u011f\u0131n \u0131s\u0131nmas\u0131yla bitkilere su y\u00fcr\u00fcr, \u00e7i\u00e7ekler a\u00e7maya ba\u015flar ve tar\u0131m sezonu resmen a\u00e7\u0131lm\u0131\u015f kabul edilir.<\/p>\n<p>Halk inan\u0131\u015f\u0131na g\u00f6re cemrelerin d\u00fc\u015fmesi, do\u011fadaki \u0131s\u0131nman\u0131n kademeli olarak ger\u00e7ekle\u015fti\u011fini ifade eder. Bu s\u00fcre\u00e7 \u015fu \u015fekilde i\u015fler:<\/p>\n<p>\u0130lk Cemre (Havaya): Atmosferdeki sert so\u011fuklar\u0131n yerini daha yumu\u015fak bir havaya b\u0131rakmas\u0131d\u0131r. G\u00fcne\u015f \u0131\u015f\u0131nlar\u0131n\u0131n etkisi art\u0131k daha fazla hissedilir.<\/p>\n<p>\u0130kinci Cemre (Suya): Denizlerin, g\u00f6llerin ve nehirlerin \u0131s\u0131nmaya ba\u015flamas\u0131n\u0131 temsil eder. Su s\u0131cakl\u0131\u011f\u0131n\u0131n artmas\u0131yla birlikte sudaki ya\u015fam canlan\u0131r.<\/p>\n<p>\u00dc\u00e7\u00fcnc\u00fc Cemre (Topra\u011fa): Topra\u011f\u0131n \u0131s\u0131nmas\u0131yla bitkilere su y\u00fcr\u00fcr, \u00e7i\u00e7ekler a\u00e7maya ba\u015flar ve tar\u0131m sezonu resmen a\u00e7\u0131lm\u0131\u015f kabul edilir.<\/p>\n<p>\u0130stanbul \u00dcniversitesi (\u0130\u00dc) T\u00fcrk Halk Bilimi Uygulama ve Ara\u015ft\u0131rma Merkezi M\u00fcd\u00fcr\u00fc Prof. Dr. Abdulkadir Emeksiz, cemrenin \u00e7ift\u00e7ilerin tar\u0131msal faaliyetlerinde \u00f6nemli yer tuttu\u011funu vurgulad\u0131. Is\u0131nmayan topra\u011fa at\u0131lan tohum ye\u015fermeyece\u011finden, \u00e7ift\u00e7ilerin tohum ekmek ya da ba\u011f s\u00fcrmek gibi i\u015flere ba\u015flamak i\u00e7in cemrenin d\u00fc\u015fmesini beklediklerini belirten Emeksiz, cemrenin d\u00fc\u015ft\u00fc\u011f\u00fc tarihlere ili\u015fkin baz\u0131 rit\u00fcelleri de \u015f\u00f6yle anlatt\u0131: &quot;Rize halk\u0131 cemre d\u00fc\u015ft\u00fc\u011f\u00fc zaman \u00e7ocuklar\u0131na \u00e7ar\u0131k giydirmezdi. Ege B\u00f6lgesi&#x27;nde ko\u00e7 ve teke kat\u0131m\u0131, \u00fc\u00e7\u00fcnc\u00fc cemrenin d\u00fc\u015f\u00fc\u015f\u00fc hesaplanarak yap\u0131l\u0131rd\u0131. Yeni do\u011fan yavrular\u0131n a\u015f\u0131r\u0131 so\u011fuktan etkilenip \u00f6lmemeleri i\u00e7in koyun ve ke\u00e7ilerin do\u011furma zaman\u0131 \u00fc\u00e7\u00fcnc\u00fc cemrenin d\u00fc\u015f\u00fc\u015f\u00fcne denk gelecek \u015fekilde yap\u0131l\u0131rd\u0131. Orta Rodop b\u00f6lgesindeki T\u00fcrk k\u00f6ylerinde ya\u015fayan ya\u015fl\u0131lar aras\u0131nda cemreyle ilgili birtak\u0131m inan\u0131\u015f ve uygulamalar halen varl\u0131\u011f\u0131n\u0131 korumaktad\u0131r. Buradaki halk; k\u0131\u015f\u0131n ve kar\u0131n &#x27;kendini unutan tembel bir nesne&#x27; oldu\u011funa inanmaktad\u0131r. Eskiden ailedeki en ya\u015fl\u0131 kad\u0131n cemrenin d\u00fc\u015ft\u00fc\u011f\u00fc g\u00fcn ate\u015fteki k\u00fclleri bir kaba doldurup avludaki kar\u0131n \u00fczerine daire \u015feklinde serpermi\u015f. Daha sonra insanlar, cemrenin d\u00fc\u015ft\u00fc\u011f\u00fc g\u00fcn karla buzla kapl\u0131 yollara k\u00fcl, kum ve \u00e7ak\u0131l d\u00f6kmek yerine ot, \u00e7\u00f6p, \u00e7i\u00e7ek k\u0131r\u0131nt\u0131lar\u0131 serpmeye ba\u015flam\u0131\u015flard\u0131r. Bu uygulamalar\u0131 yapanlar Toprak Ana&#x27;ya &#x27;A\u011fa\u00e7lar, otlar ve \u00e7i\u00e7ekler sana d\u00f6n\u00fc\u015f i\u00e7in haz\u0131r&#x27; dediklerini belirtirler.&quot;<\/p>\n<p>\u0130stanbul \u00dcniversitesi (\u0130\u00dc) T\u00fcrk Halk Bilimi Uygulama ve Ara\u015ft\u0131rma Merkezi M\u00fcd\u00fcr\u00fc Prof. Dr. Abdulkadir Emeksiz, cemrenin \u00e7ift\u00e7ilerin tar\u0131msal faaliyetlerinde \u00f6nemli yer tuttu\u011funu vurgulad\u0131. Is\u0131nmayan topra\u011fa at\u0131lan tohum ye\u015fermeyece\u011finden, \u00e7ift\u00e7ilerin tohum ekmek ya da ba\u011f s\u00fcrmek gibi i\u015flere ba\u015flamak i\u00e7in cemrenin d\u00fc\u015fmesini beklediklerini belirten Emeksiz, cemrenin d\u00fc\u015ft\u00fc\u011f\u00fc tarihlere ili\u015fkin baz\u0131 rit\u00fcelleri de \u015f\u00f6yle anlatt\u0131:<\/p>\n<p>&quot;Rize halk\u0131 cemre d\u00fc\u015ft\u00fc\u011f\u00fc zaman \u00e7ocuklar\u0131na \u00e7ar\u0131k giydirmezdi. Ege B\u00f6lgesi&#x27;nde ko\u00e7 ve teke kat\u0131m\u0131, \u00fc\u00e7\u00fcnc\u00fc cemrenin d\u00fc\u015f\u00fc\u015f\u00fc hesaplanarak yap\u0131l\u0131rd\u0131. Yeni do\u011fan yavrular\u0131n a\u015f\u0131r\u0131 so\u011fuktan etkilenip \u00f6lmemeleri i\u00e7in koyun ve ke\u00e7ilerin do\u011furma zaman\u0131 \u00fc\u00e7\u00fcnc\u00fc cemrenin d\u00fc\u015f\u00fc\u015f\u00fcne denk gelecek \u015fekilde yap\u0131l\u0131rd\u0131. Orta Rodop b\u00f6lgesindeki T\u00fcrk k\u00f6ylerinde ya\u015fayan ya\u015fl\u0131lar aras\u0131nda cemreyle ilgili birtak\u0131m inan\u0131\u015f ve uygulamalar halen varl\u0131\u011f\u0131n\u0131 korumaktad\u0131r. Buradaki halk; k\u0131\u015f\u0131n ve kar\u0131n &#x27;kendini unutan tembel bir nesne&#x27; oldu\u011funa inanmaktad\u0131r. Eskiden ailedeki en ya\u015fl\u0131 kad\u0131n cemrenin d\u00fc\u015ft\u00fc\u011f\u00fc g\u00fcn ate\u015fteki k\u00fclleri bir kaba doldurup avludaki kar\u0131n \u00fczerine daire \u015feklinde serpermi\u015f. Daha sonra insanlar, cemrenin d\u00fc\u015ft\u00fc\u011f\u00fc g\u00fcn karla buzla kapl\u0131 yollara k\u00fcl, kum ve \u00e7ak\u0131l d\u00f6kmek yerine ot, \u00e7\u00f6p, \u00e7i\u00e7ek k\u0131r\u0131nt\u0131lar\u0131 serpmeye ba\u015flam\u0131\u015flard\u0131r. Bu uygulamalar\u0131 yapanlar Toprak Ana&#x27;ya &#x27;A\u011fa\u00e7lar, otlar ve \u00e7i\u00e7ekler sana d\u00f6n\u00fc\u015f i\u00e7in haz\u0131r&#x27; dediklerini belirtirler.&quot;<\/p>\n<p>T\u00fcrkiye&#x27;den ve D\u00fcnya\u2019dan son dakika haberleri, k\u00f6\u015fe yaz\u0131lar\u0131, magazinden siyasete, spordan seyahate b\u00fct\u00fcn konular\u0131n tek adresi Hurriyet.com.tr haber i\u00e7erikleri izin al\u0131nmadan, kaynak g\u00f6sterilerek dahi iktibas edilemez. Kanuna ayk\u0131r\u0131 ve izinsiz olarak kopyalanamaz, ba\u015fka yerde yay\u0131nlanamaz.<\/p>\n","protected":false},"excerpt":{"rendered":"<p>\u0130lk cemre d\u00fc\u015ft\u00fc m\u00fc, cemre d\u00fc\u015fme tarihleri, cemreler ne zaman d\u00fc\u015fecek, nereye d\u00fc\u015fer sorular\u0131 \u015eubat ay\u0131n\u0131n gelmesiyle beraber \u00f6ne \u00e7\u0131kan konulardan oldu. Cemre&#8230;<\/p>\n","protected":false},"author":2,"featured_media":585,"comment_status":"open","ping_status":"open","sticky":false,"template":"","format":"standard","meta":{"footnotes":""},"categories":[8,1],"tags":[],"class_list":["post-586","post","type-post","status-publish","format-standard","has-post-thumbnail","hentry","category-arsiv","category-uncategorized"],"_links":{"self":[{"href":"https:\/\/eskigazeteci.com\/index.php?rest_route=\/wp\/v2\/posts\/586","targetHints":{"allow":["GET"]}}],"collection":[{"href":"https:\/\/eskigazeteci.com\/index.php?rest_route=\/wp\/v2\/posts"}],"about":[{"href":"https:\/\/eskigazeteci.com\/index.php?rest_route=\/wp\/v2\/types\/post"}],"author":[{"embeddable":true,"href":"https:\/\/eskigazeteci.com\/index.php?rest_route=\/wp\/v2\/users\/2"}],"replies":[{"embeddable":true,"href":"https:\/\/eskigazeteci.com\/index.php?rest_route=%2Fwp%2Fv2%2Fcomments&post=586"}],"version-history":[{"count":0,"href":"https:\/\/eskigazeteci.com\/index.php?rest_route=\/wp\/v2\/posts\/586\/revisions"}],"wp:featuredmedia":[{"embeddable":true,"href":"https:\/\/eskigazeteci.com\/index.php?rest_route=\/wp\/v2\/media\/585"}],"wp:attachment":[{"href":"https:\/\/eskigazeteci.com\/index.php?rest_route=%2Fwp%2Fv2%2Fmedia&parent=586"}],"wp:term":[{"taxonomy":"category","embeddable":true,"href":"https:\/\/eskigazeteci.com\/index.php?rest_route=%2Fwp%2Fv2%2Fcategories&post=586"},{"taxonomy":"post_tag","embeddable":true,"href":"https:\/\/eskigazeteci.com\/index.php?rest_route=%2Fwp%2Fv2%2Ftags&post=586"}],"curies":[{"name":"wp","href":"https:\/\/api.w.org\/{rel}","templated":true}]}}