{"id":584,"date":"2026-02-10T04:42:58","date_gmt":"2026-02-10T04:42:58","guid":{"rendered":"https:\/\/eskigazeteci.com\/?p=584"},"modified":"2026-02-10T04:42:58","modified_gmt":"2026-02-10T04:42:58","slug":"ismet-dalci-kimdir-nereli-istanbul-taksiciler-esnaf-odasi-iteo-baskani-ismet-dalci-oldu","status":"publish","type":"post","link":"https:\/\/eskigazeteci.com\/?p=584","title":{"rendered":"\u0130smet Dalc\u0131 kimdir, nereli? \u0130stanbul Taksiciler Esnaf Odas\u0131 (\u0130TEO) Ba\u015fkan\u0131 \u0130smet Dalc\u0131 oldu"},"content":{"rendered":"<p>B\u00fcy\u00fck bir heyecana sahne olan se\u00e7imlerde, \u0130smet Dalc\u0131 rakiplerini geride b\u0131rakarak \u0130TEO&#x27;nun yeni ba\u015fkan\u0131 oldu. Bu sonu\u00e7la birlikte, \u0130stanbul&#x27;daki yakla\u015f\u0131k 20 bin taksi plaka sahibini temsil eden \u0130TEO&#x27;da yeni bir d\u00f6nem ba\u015flam\u0131\u015f oldu. Dalc\u0131&#x27;n\u0131n se\u00e7im vaatleri aras\u0131nda, \u0130TEO&#x27;ya ait bir mobil uygulaman\u0131n devreye sokulmas\u0131 ve esnaf\u0131n kazanc\u0131n\u0131n art\u0131r\u0131lmas\u0131 gibi konular \u00f6ne \u00e7\u0131km\u0131\u015ft\u0131. Ey\u00fcp Aksu&#x27;nun uzun s\u00fcreli ba\u015fkanl\u0131\u011f\u0131n\u0131n ard\u0131ndan gelen bu de\u011fi\u015fim, taksi camias\u0131nda b\u00fcy\u00fck yank\u0131 uyand\u0131rd\u0131. \u0130smet Dalc\u0131&#x27;n\u0131n liderli\u011findeki yeni y\u00f6netimin, \u0130stanbul taksicili\u011fine nas\u0131l bir y\u00f6n verece\u011fi merakla bekleniyor. Peki, \u0130smet Dalc\u0131 kimdir, nereli? \u0130stanbul Taksiciler Esnaf Odas\u0131 (\u0130TEO) Ba\u015fkan\u0131 \u0130smet Dalc\u0131 hakk\u0131nda baz\u0131 detaylar<\/p>\n<p>\u0130SMET DALCI K\u0130MD\u0130R?<\/p>\n<p>Nev\u015fehir&#x27;in Derinkuyu il\u00e7esinden olan \u0130smet Dalc\u0131, uzun y\u0131llard\u0131r taksicilik sekt\u00f6r\u00fcnde yer al\u0131yor. Kendi ifadesiyle, 22 y\u0131ld\u0131r direksiyon ba\u015f\u0131nda bilfiil \u00e7al\u0131\u015fm\u0131\u015f, taksi yevmiyesi ile b\u00fcy\u00fcm\u00fc\u015f, babadan taksici bir ailenin evlad\u0131 oldu\u011funu vurguluyor.<\/p>\n<p>T\u00fcrkiye&#x27;den ve D\u00fcnya\u2019dan son dakika haberleri, k\u00f6\u015fe yaz\u0131lar\u0131, magazinden siyasete, spordan seyahate b\u00fct\u00fcn konular\u0131n tek adresi Hurriyet.com.tr haber i\u00e7erikleri izin al\u0131nmadan, kaynak g\u00f6sterilerek dahi iktibas edilemez. Kanuna ayk\u0131r\u0131 ve izinsiz olarak kopyalanamaz, ba\u015fka yerde yay\u0131nlanamaz.<\/p>\n","protected":false},"excerpt":{"rendered":"<p>\u0130stanbul Taksiciler Esnaf Odas\u0131 (\u0130TEO) ba\u015fkanl\u0131k se\u00e7imleri, taksi esnaf\u0131n\u0131n yo\u011fun kat\u0131l\u0131m\u0131yla 8 \u015eubat 2026 Pazar g\u00fcn\u00fc Hali\u00e7 Kongre Merkezi&#8217;nde&#8230;<\/p>\n","protected":false},"author":2,"featured_media":583,"comment_status":"open","ping_status":"open","sticky":false,"template":"","format":"standard","meta":{"footnotes":""},"categories":[8,1],"tags":[],"class_list":["post-584","post","type-post","status-publish","format-standard","has-post-thumbnail","hentry","category-arsiv","category-uncategorized"],"_links":{"self":[{"href":"https:\/\/eskigazeteci.com\/index.php?rest_route=\/wp\/v2\/posts\/584","targetHints":{"allow":["GET"]}}],"collection":[{"href":"https:\/\/eskigazeteci.com\/index.php?rest_route=\/wp\/v2\/posts"}],"about":[{"href":"https:\/\/eskigazeteci.com\/index.php?rest_route=\/wp\/v2\/types\/post"}],"author":[{"embeddable":true,"href":"https:\/\/eskigazeteci.com\/index.php?rest_route=\/wp\/v2\/users\/2"}],"replies":[{"embeddable":true,"href":"https:\/\/eskigazeteci.com\/index.php?rest_route=%2Fwp%2Fv2%2Fcomments&post=584"}],"version-history":[{"count":0,"href":"https:\/\/eskigazeteci.com\/index.php?rest_route=\/wp\/v2\/posts\/584\/revisions"}],"wp:featuredmedia":[{"embeddable":true,"href":"https:\/\/eskigazeteci.com\/index.php?rest_route=\/wp\/v2\/media\/583"}],"wp:attachment":[{"href":"https:\/\/eskigazeteci.com\/index.php?rest_route=%2Fwp%2Fv2%2Fmedia&parent=584"}],"wp:term":[{"taxonomy":"category","embeddable":true,"href":"https:\/\/eskigazeteci.com\/index.php?rest_route=%2Fwp%2Fv2%2Fcategories&post=584"},{"taxonomy":"post_tag","embeddable":true,"href":"https:\/\/eskigazeteci.com\/index.php?rest_route=%2Fwp%2Fv2%2Ftags&post=584"}],"curies":[{"name":"wp","href":"https:\/\/api.w.org\/{rel}","templated":true}]}}